{"id":4938,"date":"2024-01-02T16:05:35","date_gmt":"2024-01-02T16:05:35","guid":{"rendered":"https:\/\/thecirkl.app\/?p=4938"},"modified":"2024-01-02T16:05:35","modified_gmt":"2024-01-02T16:05:35","slug":"sa-har-kom-vi-igang-med-cirkl","status":"publish","type":"post","link":"https:\/\/thecirkl.app\/sv\/inapp\/metoder\/sa-har-kom-vi-igang-med-cirkl\/","title":{"rendered":"&#8220;S\u00e5 h\u00e4r kom vi ig\u00e5ng med Cirkl!&#8221;"},"content":{"rendered":"<h2>Cirklisten Emelie ber\u00e4ttar &amp; tipsar<\/h2>\n<p><img decoding=\"async\" class=\"lazyload alignnone wp-image-1168\" src=\"https:\/\/thecirkl.app\/wp-content\/uploads\/2021\/10\/NORA-edward-cisneros-_H6wpor9mjs-unsplash-scaled.jpg\" data-orig-src=\"https:\/\/thecirkl.app\/wp-content\/uploads\/2021\/10\/NORA-edward-cisneros-_H6wpor9mjs-unsplash-scaled.jpg\" alt=\"\" width=\"300\" height=\"200\" srcset=\"data:image\/svg+xml,%3Csvg%20xmlns%3D%27http%3A%2F%2Fwww.w3.org%2F2000%2Fsvg%27%20width%3D%27300%27%20height%3D%27200%27%20viewBox%3D%270%200%20300%20200%27%3E%3Crect%20width%3D%27300%27%20height%3D%27200%27%20fill-opacity%3D%220%22%2F%3E%3C%2Fsvg%3E\" data-srcset=\"https:\/\/thecirkl.app\/wp-content\/uploads\/2021\/10\/NORA-edward-cisneros-_H6wpor9mjs-unsplash-300x200.jpg 300w, https:\/\/thecirkl.app\/wp-content\/uploads\/2021\/10\/NORA-edward-cisneros-_H6wpor9mjs-unsplash-768x512.jpg 768w, https:\/\/thecirkl.app\/wp-content\/uploads\/2021\/10\/NORA-edward-cisneros-_H6wpor9mjs-unsplash-1024x683.jpg 1024w, https:\/\/thecirkl.app\/wp-content\/uploads\/2021\/10\/NORA-edward-cisneros-_H6wpor9mjs-unsplash-1536x1024.jpg 1536w, https:\/\/thecirkl.app\/wp-content\/uploads\/2021\/10\/NORA-edward-cisneros-_H6wpor9mjs-unsplash-scaled.jpg 2560w\" data-sizes=\"auto\" data-orig-sizes=\"(max-width: 300px) 100vw, 300px\" \/><\/p>\n<h2><span style=\"color: #339966;\"><strong>Allm\u00e4nna tips fr\u00e5n mig<\/strong><\/span><\/h2>\n<ol>\n<li>Vi vuxna i hush\u00e5llet anv\u00e4nde Cirkl i n\u00e5gra veckor sj\u00e4lva f\u00f6rst f\u00f6r att f\u00e5 grepp om appen. Rekommenderas!<\/li>\n<li>Vi introducerade d\u00e4refter de funktioner vi trodde att barnen skulle gilla mest.<\/li>\n<li>F\u00f6rsta Cirklm\u00f6tet fick barnen leda. Det blev kaos, m\u00e5nga pladdriga ber\u00e4ttelser, utspilld saft &amp; m\u00e5nga skratt. Idag ansvarar vi vuxna f\u00f6r m\u00f6tet med b\u00e4ttre struktur och barnen f\u00e5r v\u00e4lja vad vi ska fika.<\/li>\n<li>N\u00e4r vi m\u00e4rkte att barnen var redo f\u00f6r ytterligare en funktion introducerade vi den.<\/li>\n<li>Vi har ocks\u00e5 en iPad i k\u00f6ket som alla l\u00e4tt kommer \u00e5t. Perfekt ocks\u00e5 n\u00e4r vi ska laga mat och f\u00f6lja recepten i Cirkl. Vi har d\u00f6pt den till &#8220;Paddis&#8221; som en egen anv\u00e4ndare.<\/li>\n<li>Ha t\u00e5lamod. Ge det tid. Se till att barnen f\u00e5r ha lite kul med Cirkl, inte bara krav att g\u00f6ra.<\/li>\n<\/ol>\n<h2><span style=\"color: #339966;\"><strong>H\u00e4r n\u00e5gra funktionstips<\/strong><\/span><\/h2>\n<h3><strong><em>Anteckningar<\/em><\/strong><\/h3>\n<ul>\n<li><strong>\u00d6nskelistor<\/strong> skapas \u00e5t h\u00f6gar och v\u00e4nster av barnen. L\u00e4nkar, f\u00f6rklarande text och bilder (sen skapade vi vuxna en checklista i Cirkl som var hemlig. f\u00f6r barnen n\u00e4r det var dags att handla)..<\/li>\n<li>Vi har lagt in <strong>l\u00f6senord<\/strong> till streaming tj\u00e4nster.<\/li>\n<\/ul>\n<h3><strong><em>Recept<\/em><\/strong><\/h3>\n<ul>\n<li>Barnen har b\u00f6rjat l\u00e4gga in helt <strong>egna recept med sina egna foton<\/strong>. Riktigt kul.<\/li>\n<\/ul>\n<h3><strong><em>Matink\u00f6p<\/em><\/strong><\/h3>\n<ul>\n<li><strong>Vill man att n\u00e5got ska handlas<\/strong> m\u00e5ste det ligga i Cirkl, annars handlas det inte.<\/li>\n<li>V\u00e5r stora unge ville baka, d\u00e5 gjorde hon en <strong>egen shoppinglista<\/strong> och gick och handlade.<\/li>\n<li>Att man nu kan g\u00e5 in p\u00e5 ett recept, trycka p\u00e5 de 3 &#8220;prickarna&#8221; upp i h\u00f6gra h\u00f6rnet &amp; &#8220;<strong>skrapa&#8221; ner vad som ska handlas<\/strong> fr\u00e5n receptet till shoppinglistan \u00e4r toppen.<\/li>\n<\/ul>\n<h3><strong><em>M\u00e5ltidsplanering<\/em><\/strong><\/h3>\n<ul>\n<li>Alla f\u00e5r <strong>v\u00e4lja varsin r\u00e4tt<\/strong> under veckan.<\/li>\n<li>De st\u00f6rre <strong>barnen hj\u00e4lper till<\/strong> att laga sin valda r\u00e4tt. Toppen att kunna addera recept p\u00e5 vald dag\/m\u00e5ltid.<\/li>\n<li>Vad de ska \u00e4ta till <strong>mellanm\u00e5l<\/strong> eller ta med till tr\u00e4ningen har vi b\u00f6rjat l\u00e4gga in nyligen.<\/li>\n<\/ul>\n<h3><strong><em>Kalender<\/em><\/strong><\/h3>\n<ul>\n<li>Barnens <strong>skolschema<\/strong> (n\u00e4r b\u00f6rjar och slutar) har vi vuxna lagt in i Cirkl.<\/li>\n<li>Vi k\u00f6r <strong>Cirklm\u00f6te<\/strong> <strong>med respektive barn<\/strong> och d\u00e5 l\u00e4gger vi in l\u00e4xor &amp; prov i kalendern.<\/li>\n<li>Vi l\u00e4gger in <strong>pluggtid<\/strong> under veckan och vem av oss vuxna som ska st\u00f6tta.<\/li>\n<li>Vi l\u00e4gger in om en <strong>vuxen jobbar<\/strong> helg eller \u00e4r <strong>bortrest<\/strong> med jobbet s\u00e5 att alla vet.<\/li>\n<li>Vi vuxna l\u00e4gger in bokade m\u00f6ten som ex<strong> fris\u00f6ren eller tid hos psykologen.<\/strong><\/li>\n<li>Roliga aktiviteter som kalas l\u00e4ggs in med m\u00e5nga roliga emojis i rubriken.<\/li>\n<\/ul>\n<h3><strong><em>Uppgift<\/em><\/strong><\/h3>\n<ul>\n<li><strong>St\u00e4da<\/strong> sitt rum.<\/li>\n<li>G\u00e5 ut med <strong>soporna\/\u00e5tervinning.<\/strong><\/li>\n<li>Plocka ur &amp; i <strong>diskmaskinen.<\/strong><\/li>\n<li>St\u00e4da <strong>hamsterburen.<\/strong><\/li>\n<li>(Uppgifterna \u00e4r kopplade till veckopengen).<\/li>\n<\/ul>\n<h3><strong><em>Checklista<\/em><\/strong><\/h3>\n<ul>\n<li>St\u00e4dlista f\u00f6r hur barnen ska <strong>st\u00e4da sitt rum.<\/strong><\/li>\n<li>St\u00e4dlista f\u00f6r hur de <strong>st\u00e4dar hamsterburen.<\/strong><\/li>\n<\/ul>\n<h3><strong><em>Chatt<\/em><\/strong><\/h3>\n<ul>\n<li>Andra chattfunktioner konkurrerar h\u00e4r, men vi vuxna har nu b\u00f6rjat <strong>skicka roliga meddelanden f\u00f6r att locka till Cirkl<\/strong> och vi tror att vi snart f\u00e5tt \u00f6ver alla i familjen att anv\u00e4nda Cirkl-chatten.<\/li>\n<\/ul>\n<h3><em><strong>S\u00f6kfunktionen<\/strong><\/em><\/h3>\n<ul>\n<li>Den missade vi i b\u00f6rjan. Men nu anv\u00e4nds den flitigt. <strong>S\u00e5 smidigt!<\/strong><\/li>\n<\/ul>\n<p>&nbsp;<\/p>\n<p>&nbsp;<\/p>\n<p>&nbsp;<\/p>\n<p>&nbsp;<\/p>\n<p>&nbsp;<\/p>\n<p>&nbsp;<\/p>\n","protected":false},"excerpt":{"rendered":"<p>Cirklisten Emelie ber\u00e4ttar &amp; tipsar Allm\u00e4nna tips fr\u00e5n mig Vi vuxna i hush\u00e5llet anv\u00e4nde Cirkl i n\u00e5gra veckor sj\u00e4lva f\u00f6rst f\u00f6r att f\u00e5 grepp om appen. Rekommenderas! Vi introducerade d\u00e4refter de funktioner vi trodde att barnen skulle gilla mest. F\u00f6rsta [&hellip;]<\/p>\n","protected":false},"author":2,"featured_media":1168,"comment_status":"closed","ping_status":"open","sticky":false,"template":"","format":"standard","meta":{"footnotes":""},"categories":[41],"tags":[],"class_list":["post-4938","post","type-post","status-publish","format-standard","has-post-thumbnail","hentry","category-metoder"],"aioseo_notices":[],"_links":{"self":[{"href":"https:\/\/thecirkl.app\/sv\/wp-json\/wp\/v2\/posts\/4938","targetHints":{"allow":["GET"]}}],"collection":[{"href":"https:\/\/thecirkl.app\/sv\/wp-json\/wp\/v2\/posts"}],"about":[{"href":"https:\/\/thecirkl.app\/sv\/wp-json\/wp\/v2\/types\/post"}],"author":[{"embeddable":true,"href":"https:\/\/thecirkl.app\/sv\/wp-json\/wp\/v2\/users\/2"}],"replies":[{"embeddable":true,"href":"https:\/\/thecirkl.app\/sv\/wp-json\/wp\/v2\/comments?post=4938"}],"version-history":[{"count":2,"href":"https:\/\/thecirkl.app\/sv\/wp-json\/wp\/v2\/posts\/4938\/revisions"}],"predecessor-version":[{"id":4940,"href":"https:\/\/thecirkl.app\/sv\/wp-json\/wp\/v2\/posts\/4938\/revisions\/4940"}],"wp:featuredmedia":[{"embeddable":true,"href":"https:\/\/thecirkl.app\/sv\/wp-json\/wp\/v2\/media\/1168"}],"wp:attachment":[{"href":"https:\/\/thecirkl.app\/sv\/wp-json\/wp\/v2\/media?parent=4938"}],"wp:term":[{"taxonomy":"category","embeddable":true,"href":"https:\/\/thecirkl.app\/sv\/wp-json\/wp\/v2\/categories?post=4938"},{"taxonomy":"post_tag","embeddable":true,"href":"https:\/\/thecirkl.app\/sv\/wp-json\/wp\/v2\/tags?post=4938"}],"curies":[{"name":"wp","href":"https:\/\/api.w.org\/{rel}","templated":true}]}}