{"id":4778,"date":"2023-10-05T11:25:47","date_gmt":"2023-10-05T11:25:47","guid":{"rendered":"https:\/\/thecirkl.app\/?p=4778"},"modified":"2023-10-05T11:31:55","modified_gmt":"2023-10-05T11:31:55","slug":"npf-cirkl-linda-hyllar","status":"publish","type":"post","link":"https:\/\/thecirkl.app\/sv\/inapp\/familyhacks\/npf-cirkl-linda-hyllar\/","title":{"rendered":"NPF &#038; Cirkl &#8211; Linda tipsar"},"content":{"rendered":"<p><img decoding=\"async\" class=\"lazyload alignnone wp-image-4779\" src=\"https:\/\/thecirkl.app\/wp-content\/uploads\/2023\/10\/image0000001-400x538.jpg\" data-orig-src=\"https:\/\/thecirkl.app\/wp-content\/uploads\/2023\/10\/image0000001-400x538.jpg\" alt=\"\" width=\"200\" height=\"269\" srcset=\"data:image\/svg+xml,%3Csvg%20xmlns%3D%27http%3A%2F%2Fwww.w3.org%2F2000%2Fsvg%27%20width%3D%27200%27%20height%3D%27269%27%20viewBox%3D%270%200%20200%20269%27%3E%3Crect%20width%3D%27200%27%20height%3D%27269%27%20fill-opacity%3D%220%22%2F%3E%3C%2Fsvg%3E\" data-srcset=\"https:\/\/thecirkl.app\/wp-content\/uploads\/2023\/10\/image0000001-200x269.jpg 200w, https:\/\/thecirkl.app\/wp-content\/uploads\/2023\/10\/image0000001-372x500.jpg 372w, https:\/\/thecirkl.app\/wp-content\/uploads\/2023\/10\/image0000001-400x538.jpg 400w, https:\/\/thecirkl.app\/wp-content\/uploads\/2023\/10\/image0000001-600x807.jpg 600w, https:\/\/thecirkl.app\/wp-content\/uploads\/2023\/10\/image0000001-761x1024.jpg 761w, https:\/\/thecirkl.app\/wp-content\/uploads\/2023\/10\/image0000001-768x1033.jpg 768w, https:\/\/thecirkl.app\/wp-content\/uploads\/2023\/10\/image0000001-800x1076.jpg 800w, https:\/\/thecirkl.app\/wp-content\/uploads\/2023\/10\/image0000001.jpg 948w\" data-sizes=\"auto\" data-orig-sizes=\"(max-width: 200px) 100vw, 200px\" \/><\/p>\n<p><em>&#8220;Cirkl \u00e4r en grymt bra, finurlig, rolig och enkel app som f\u00f6renklar vardagen&#8221;, s\u00e4ger Linda.\u00a0<\/em><\/p>\n<h2><span style=\"color: #339966;\"><strong>Inledning<\/strong><\/span><\/h2>\n<p>Jag h\u00f6rde av mig till Cirkl f\u00f6r att tacka f\u00f6r en superapp f\u00f6r oss som NPF-familj! Jag fick d\u00e5 fr\u00e5gan om jag kunde t\u00e4nka mig att ber\u00e4tta p\u00e5 vilket s\u00e4tt Cirkl hj\u00e4lper just oss. Familjen best\u00e5r av mig, min man och v\u00e5ra tv\u00e5 barn som \u00e4r 11 respektive 18 \u00e5r.<\/p>\n<h2><span style=\"color: #339966;\"><strong>Cirkl vs andra appar<\/strong><\/span><\/h2>\n<p>Vi har testat allt och d\u00e5 menar jag verkligen allt. Andra kalenderappar, checklisteappar, att-g\u00f6ra appar, appar med bildst\u00f6d (som rekommenderas f\u00f6r barn med NPF). Men ingenting har fungerat f\u00f6r oss. N\u00e4r jag s\u00e5g reklam p\u00e5 Instagram om Cirkl s\u00e5 ville jag testa direkt. Och tack och lov f\u00f6r det. Min man skrattar hj\u00e4rtligt \u00e5t mig d\u00e5 jag inte kan sluta tjata om hur bra den h\u00e4r appen \u00e4r &#8211; jag verkligen \u00e4lskar den.<\/p>\n<h2><span style=\"color: #339966;\"><strong>Varf\u00f6r Cirkl \u00e4r s\u00e5 bra f\u00f6r NPF familjer &amp; barn<\/strong><\/span><\/h2>\n<p>Som NPF-familj \u00e4r det A och O att det \u00e4r enkelt och tydligt. Och det \u00e4r precis vad det \u00e4r med Cirkl. Jag blev positivt \u00f6verraskad. I vanliga fall tappar jag och resten av familjen t\u00e5lamodet och intresset om det \u00e4r f\u00f6r kr\u00e5ngligt, men med Cirkl blev det aldrig s\u00e5. Appen Cirkl \u00e4r enkel, tydlig, intuitiv och anv\u00e4ndarv\u00e4nlig.<\/p>\n<h2><span style=\"color: #339966;\"><strong>De olika funktionerna<\/strong><\/span><\/h2>\n<p>Vi anv\u00e4nder samtliga funktioner och de hj\u00e4lper oss med vardagsgrejer som vi alltid har tampats med. H\u00e4r kommer n\u00e5gra exempel:<\/p>\n<p><strong>Kalenderfunktionen<\/strong><\/p>\n<ul>\n<li>S\u00e5 smidig. Enkelt att l\u00e4gga till och sen dag ett har det bara rullat p\u00e5.<\/li>\n<li>Vi vuxna kan styra vad bara vi ska se och vad barnen ska se.<\/li>\n<li>V\u00e5r 18-\u00e5ring uppskattar verkligen kalendern. Det ger henne en bra \u00f6versikt och hon gillar att kunna l\u00e4gga till egna aktiviteter och att det l\u00e4tt g\u00e5r att \u00e4ndra.<\/li>\n<\/ul>\n<p><strong>Shoppinglistan<\/strong><\/p>\n<ul>\n<li>Jag bara \u00e4lskar den! Det \u00e4r ocks\u00e5 s\u00e5 sk\u00f6nt att jag kan l\u00e4gga till vad som m\u00e5ste handlas, och s\u00e5 handlar min man det p\u00e5 v\u00e4g hem fr\u00e5n jobbet. Jag kan l\u00e4gga till saker till och med n\u00e4r han \u00e4r i aff\u00e4ren och han ser det direkt. S\u00e5 smidigt.<\/li>\n<li>Bra ocks\u00e5 att man kan skapa olika shoppinglistor att anv\u00e4nda om och om igen, men \u00e4ven en lista f\u00f6r ett speciellt tillf\u00e4lle.<\/li>\n<\/ul>\n<p><strong>Uppgifter<\/strong><\/p>\n<ul>\n<li>En toppenfunktion f\u00f6r oss alla!<\/li>\n<li>Extra bra givet NPF-diagnoser. Cirkl g\u00f6r att det blir extremt tydligt vad som ska g\u00f6ras och sedan bockar man av n\u00e4r man \u00e4r klar.<\/li>\n<li>N\u00e4r det g\u00e4ller st\u00e4dning exempelvis s\u00e5 har vi med Cirkls hj\u00e4lp f\u00e5tt v\u00e5ra barn att hj\u00e4lpa till mer hemma. &#8220;Idag ska du g\u00f6ra det h\u00e4r&#8221;. Det st\u00e5r d\u00e4r, svart p\u00e5 vitt. Det blir enkelt f\u00f6r dem att bara g\u00f6ra och vi minskar tjatet.<\/li>\n<\/ul>\n<p><strong>M\u00e5ltidsplanering<\/strong><\/p>\n<ul>\n<li>S\u00e5 bra att kunna f\u00f6rbereda en veckomatsedel, det spar tid och minskar stressen.<\/li>\n<li>F\u00f6r oss som NFP-familj \u00e4r det viktigt att \u00e4n en g\u00e5ng skapa tydlighet och i detta fall f\u00f6rbereda barnen p\u00e5 vad det blir f\u00f6r mat. Inga \u00f6verraskningar helt enkelt.<\/li>\n<\/ul>\n<p><strong>Chattfunktionen<\/strong><\/p>\n<ul>\n<li>V\u00e5r 11-\u00e5ring gillar denna funktion. Hon skickar s\u00e5 m\u00e5nga meddelanden och bilder varje dag. Vi har f\u00e5tt upp en roligare kommunikation som familj med hj\u00e4lp av chatten. Riktigt kul!<\/li>\n<\/ul>\n<p><strong>Anteckningsfunktionen<\/strong><\/p>\n<ul>\n<li>11-\u00e5ringen \u00e4r redan ig\u00e5ng med sin \u00f6nskelista till jul! Hon skriver anteckningar, l\u00e4gger in l\u00e4nkar och bilder. N\u00e4r \u00f6nskelistan \u00e4r klar kommer jag och min man skapa en checklista som \u00e4r hemlig f\u00f6r barnen. H\u00e4r kommer vi l\u00e4gga in de julklappar som ska k\u00f6pas och enkelt bocka av n\u00e4r klara.<\/li>\n<li>Denna funktion ser jag ett stort v\u00e4rde i och \u00e4r \u00f6vertygad om att vi kommer att anv\u00e4nda till mycket. Allt p\u00e5 ett st\u00e4lle \u00e4r toppen.<\/li>\n<\/ul>\n<h2><span style=\"color: #339966;\"><strong>Avslutningsvis<\/strong><\/span><\/h2>\n<p>Det finns ju fler funktioner och finesser \u00e4n de jag har n\u00e4mnt, men det \u00e4r dessa vi anv\u00e4nt mest s\u00e5 h\u00e4r l\u00e5ngt. Jag som f\u00f6r\u00e4lder \u00e4r som ni m\u00e4rker en glad Cirkl-anv\u00e4ndare. Jag har f\u00e5tt ett st\u00f6rre lugn i kroppen d\u00e5 allt har blivit mer strukturerat och vi som NPF-familj har f\u00e5tt ett verktyg som hj\u00e4lp oss p\u00e5 s\u00e5 m\u00e5nga olika s\u00e4tt. Rekommenderar Cirkl s\u00e5 otroligt mycket till alla familjer och speciellt till er som lever med NPF-diagnoser.<\/p>\n<p><strong>H\u00e4lsningar!<\/strong><\/p>\n<p><em>Linda Andersson, en glad(are) <\/em><em>NPF-mamma<\/em><\/p>\n<p>&nbsp;<\/p>\n<p>&nbsp;<\/p>\n<p>&nbsp;<\/p>\n","protected":false},"excerpt":{"rendered":"<p>&#8220;Cirkl \u00e4r en grymt bra, finurlig, rolig och enkel app som f\u00f6renklar vardagen&#8221;, s\u00e4ger Linda.\u00a0 Inledning Jag h\u00f6rde av mig till Cirkl f\u00f6r att tacka f\u00f6r en superapp f\u00f6r oss som NPF-familj! Jag fick d\u00e5 fr\u00e5gan om jag kunde t\u00e4nka [&hellip;]<\/p>\n","protected":false},"author":2,"featured_media":4779,"comment_status":"closed","ping_status":"open","sticky":false,"template":"","format":"standard","meta":{"footnotes":""},"categories":[44,42],"tags":[],"class_list":["post-4778","post","type-post","status-publish","format-standard","has-post-thumbnail","hentry","category-cirkl-tips","category-familyhacks"],"aioseo_notices":[],"_links":{"self":[{"href":"https:\/\/thecirkl.app\/sv\/wp-json\/wp\/v2\/posts\/4778","targetHints":{"allow":["GET"]}}],"collection":[{"href":"https:\/\/thecirkl.app\/sv\/wp-json\/wp\/v2\/posts"}],"about":[{"href":"https:\/\/thecirkl.app\/sv\/wp-json\/wp\/v2\/types\/post"}],"author":[{"embeddable":true,"href":"https:\/\/thecirkl.app\/sv\/wp-json\/wp\/v2\/users\/2"}],"replies":[{"embeddable":true,"href":"https:\/\/thecirkl.app\/sv\/wp-json\/wp\/v2\/comments?post=4778"}],"version-history":[{"count":7,"href":"https:\/\/thecirkl.app\/sv\/wp-json\/wp\/v2\/posts\/4778\/revisions"}],"predecessor-version":[{"id":4787,"href":"https:\/\/thecirkl.app\/sv\/wp-json\/wp\/v2\/posts\/4778\/revisions\/4787"}],"wp:featuredmedia":[{"embeddable":true,"href":"https:\/\/thecirkl.app\/sv\/wp-json\/wp\/v2\/media\/4779"}],"wp:attachment":[{"href":"https:\/\/thecirkl.app\/sv\/wp-json\/wp\/v2\/media?parent=4778"}],"wp:term":[{"taxonomy":"category","embeddable":true,"href":"https:\/\/thecirkl.app\/sv\/wp-json\/wp\/v2\/categories?post=4778"},{"taxonomy":"post_tag","embeddable":true,"href":"https:\/\/thecirkl.app\/sv\/wp-json\/wp\/v2\/tags?post=4778"}],"curies":[{"name":"wp","href":"https:\/\/api.w.org\/{rel}","templated":true}]}}