{"id":4522,"date":"2023-08-11T14:06:45","date_gmt":"2023-08-11T14:06:45","guid":{"rendered":"https:\/\/thecirkl.app\/?p=4522"},"modified":"2023-08-11T14:10:01","modified_gmt":"2023-08-11T14:10:01","slug":"trygghet-koll-med-delad-kalender","status":"publish","type":"post","link":"https:\/\/thecirkl.app\/sv\/inapp\/familyhacks\/trygghet-koll-med-delad-kalender\/","title":{"rendered":"Trygghet &#038; koll med delad kalender"},"content":{"rendered":"<p>Cirkls funktion kalender med \u00e5terkommande samt enstaka aktiviteter skapar tydlighet och trygghet. Default i appen \u00e4r att alla i er Cirkl kan se varandras aktiviteter, men givetvis kan man begr\u00e4nsa l\u00e4sbeh\u00f6righeten om s\u00e5 \u00f6nskas.<\/p>\n<p><img decoding=\"async\" class=\"lazyload alignnone wp-image-2290\" src=\"https:\/\/thecirkl.app\/wp-content\/uploads\/2022\/11\/man-kalender-1-400x498.png\" data-orig-src=\"https:\/\/thecirkl.app\/wp-content\/uploads\/2022\/11\/man-kalender-1-400x498.png\" alt=\"\" width=\"228\" height=\"284\" srcset=\"data:image\/svg+xml,%3Csvg%20xmlns%3D%27http%3A%2F%2Fwww.w3.org%2F2000%2Fsvg%27%20width%3D%27228%27%20height%3D%27284%27%20viewBox%3D%270%200%20228%20284%27%3E%3Crect%20width%3D%27228%27%20height%3D%27284%27%20fill-opacity%3D%220%22%2F%3E%3C%2Fsvg%3E\" data-srcset=\"https:\/\/thecirkl.app\/wp-content\/uploads\/2022\/11\/man-kalender-1-200x249.png 200w, https:\/\/thecirkl.app\/wp-content\/uploads\/2022\/11\/man-kalender-1-400x498.png 400w, https:\/\/thecirkl.app\/wp-content\/uploads\/2022\/11\/man-kalender-1-401x500.png 401w, https:\/\/thecirkl.app\/wp-content\/uploads\/2022\/11\/man-kalender-1-600x748.png 600w, https:\/\/thecirkl.app\/wp-content\/uploads\/2022\/11\/man-kalender-1-768x957.png 768w, https:\/\/thecirkl.app\/wp-content\/uploads\/2022\/11\/man-kalender-1-800x997.png 800w, https:\/\/thecirkl.app\/wp-content\/uploads\/2022\/11\/man-kalender-1-822x1024.png 822w, https:\/\/thecirkl.app\/wp-content\/uploads\/2022\/11\/man-kalender-1.png 1126w\" data-sizes=\"auto\" data-orig-sizes=\"(max-width: 228px) 100vw, 228px\" \/><\/p>\n<h2><span style=\"color: #339966;\">Kalender<\/span><\/h2>\n<p><span style=\"color: #000000;\"><strong>\u00c5terkommande aktivitet<\/strong><\/span><\/p>\n<p>H\u00e4r kan ni exempelvis l\u00e4gga in barnens skolschema (n\u00e4r b\u00f6rjar &amp; slutar), sport- &amp; fritidsaktiviteter, vem som h\u00e4mtar &amp; l\u00e4mnar vilka dagar, st\u00e4dning, ditt jobbschema om du arbetar kv\u00e4ll, helg eller natt s\u00e5 familjen vet n\u00e4r du \u00e4r hemma och inte.<\/p>\n<p><span style=\"color: #000000;\"><strong>Enstaka aktivitet<\/strong><\/span><\/p>\n<p>En enstaka aktivitet kan vara exempelvis prov under veckan, l\u00e4xl\u00e4sning\/plugga inf\u00f6r prov, utvecklingssamtal, tid hos fris\u00f6ren, tj\u00e4nsteresa (s\u00e5 familjen vet om du \u00e4r ute och reser), f\u00f6delsedagskalas, brunch hos grannarna, &#8220;Fredagsmyset b\u00f6rjar nu!&#8221;.<\/p>\n<div class=\"fusion-title title fusion-title-7 fusion-sep-none fusion-title-text fusion-title-size-two\">\n<p class=\"title-heading-left fusion-responsive-typography-calculated\"><span style=\"color: #339966;\"><strong>Aktivitet\/M\u00f6te<\/strong><\/span><\/p>\n<\/div>\n<div class=\"fusion-text fusion-text-7\">\n<p>Se detaljerad information om familjens aktiviteter, exempelvis deltagare, datum och tider, plats samt \u00f6vrig info som bilder, dokument och l\u00e4nkar. Vid uppdatering av en aktivitet f\u00e5r alla som ber\u00f6rs en notis i chatten.<\/p>\n<\/div>\n<p><img decoding=\"async\" class=\"lazyload alignnone wp-image-2287\" src=\"https:\/\/thecirkl.app\/wp-content\/uploads\/2022\/11\/man-activity-400x672.png\" data-orig-src=\"https:\/\/thecirkl.app\/wp-content\/uploads\/2022\/11\/man-activity-400x672.png\" alt=\"\" width=\"226\" height=\"379\" srcset=\"data:image\/svg+xml,%3Csvg%20xmlns%3D%27http%3A%2F%2Fwww.w3.org%2F2000%2Fsvg%27%20width%3D%27226%27%20height%3D%27379%27%20viewBox%3D%270%200%20226%20379%27%3E%3Crect%20width%3D%27226%27%20height%3D%27379%27%20fill-opacity%3D%220%22%2F%3E%3C%2Fsvg%3E\" data-srcset=\"https:\/\/thecirkl.app\/wp-content\/uploads\/2022\/11\/man-activity-200x336.png 200w, https:\/\/thecirkl.app\/wp-content\/uploads\/2022\/11\/man-activity-298x500.png 298w, https:\/\/thecirkl.app\/wp-content\/uploads\/2022\/11\/man-activity-400x672.png 400w, https:\/\/thecirkl.app\/wp-content\/uploads\/2022\/11\/man-activity-600x1007.png 600w, https:\/\/thecirkl.app\/wp-content\/uploads\/2022\/11\/man-activity-610x1024.png 610w, https:\/\/thecirkl.app\/wp-content\/uploads\/2022\/11\/man-activity-768x1289.png 768w, https:\/\/thecirkl.app\/wp-content\/uploads\/2022\/11\/man-activity-800x1343.png 800w, https:\/\/thecirkl.app\/wp-content\/uploads\/2022\/11\/man-activity-915x1536.png 915w, https:\/\/thecirkl.app\/wp-content\/uploads\/2022\/11\/man-activity.png 1062w\" data-sizes=\"auto\" data-orig-sizes=\"(max-width: 226px) 100vw, 226px\" \/><\/p>\n<p><span style=\"color: #339966;\"><em><strong>Tips! <\/strong><\/em><\/span><\/p>\n<p><strong>Sl\u00e5 p\u00e5 notis<\/strong><\/p>\n<ul>\n<li>Kom ih\u00e5g att l\u00e4gga in en &#8220;p\u00e5minnelse&#8221; p\u00e5 en aktivitet s\u00e5 f\u00e5r s\u00e5v\u00e4l vuxna som barn p\u00e5minnelsenotis om vad som h\u00e4nder h\u00e4rn\u00e4st.<\/li>\n<\/ul>\n<p><strong>Surfplatta ex iPad i k\u00f6ket<\/strong><\/p>\n<ul>\n<li>Skapa en anv\u00e4ndare som heter exempelvis &#8220;K\u00f6ket&#8221; och ha en surfplatta, exempelvis en iPad i k\u00f6ket. P\u00e5 s\u00e5 s\u00e4tt har alla l\u00e4tt att snabbt kolla hur dagen ser ut och det \u00e4r en st\u00f6rre sk\u00e4rm som ger \u00e4n \u00e4nnu b\u00e4ttre \u00f6verblick.<\/li>\n<\/ul>\n<p><img decoding=\"async\" class=\"lazyload alignnone wp-image-1800\" src=\"https:\/\/thecirkl.app\/wp-content\/uploads\/2022\/09\/01_startsida_ipad-400x301.png\" data-orig-src=\"https:\/\/thecirkl.app\/wp-content\/uploads\/2022\/09\/01_startsida_ipad-400x301.png\" alt=\"\" width=\"305\" height=\"229\" srcset=\"data:image\/svg+xml,%3Csvg%20xmlns%3D%27http%3A%2F%2Fwww.w3.org%2F2000%2Fsvg%27%20width%3D%27305%27%20height%3D%27229%27%20viewBox%3D%270%200%20305%20229%27%3E%3Crect%20width%3D%27305%27%20height%3D%27229%27%20fill-opacity%3D%220%22%2F%3E%3C%2Fsvg%3E\" data-srcset=\"https:\/\/thecirkl.app\/wp-content\/uploads\/2022\/09\/01_startsida_ipad-200x151.png 200w, https:\/\/thecirkl.app\/wp-content\/uploads\/2022\/09\/01_startsida_ipad-400x301.png 400w, https:\/\/thecirkl.app\/wp-content\/uploads\/2022\/09\/01_startsida_ipad-500x377.png 500w, https:\/\/thecirkl.app\/wp-content\/uploads\/2022\/09\/01_startsida_ipad-600x452.png 600w, https:\/\/thecirkl.app\/wp-content\/uploads\/2022\/09\/01_startsida_ipad-768x578.png 768w, https:\/\/thecirkl.app\/wp-content\/uploads\/2022\/09\/01_startsida_ipad-800x603.png 800w, https:\/\/thecirkl.app\/wp-content\/uploads\/2022\/09\/01_startsida_ipad-1024x771.png 1024w, https:\/\/thecirkl.app\/wp-content\/uploads\/2022\/09\/01_startsida_ipad-1200x904.png 1200w, https:\/\/thecirkl.app\/wp-content\/uploads\/2022\/09\/01_startsida_ipad.png 1386w\" data-sizes=\"auto\" data-orig-sizes=\"(max-width: 305px) 100vw, 305px\" \/><\/p>\n<p>&nbsp;<\/p>\n","protected":false},"excerpt":{"rendered":"<p>Cirkls funktion kalender med \u00e5terkommande samt enstaka aktiviteter skapar tydlighet och trygghet. Default i appen \u00e4r att alla i er Cirkl kan se varandras aktiviteter, men givetvis kan man begr\u00e4nsa l\u00e4sbeh\u00f6righeten om s\u00e5 \u00f6nskas. Kalender \u00c5terkommande aktivitet H\u00e4r kan ni [&hellip;]<\/p>\n","protected":false},"author":2,"featured_media":2290,"comment_status":"closed","ping_status":"open","sticky":false,"template":"","format":"standard","meta":{"footnotes":""},"categories":[42],"tags":[],"class_list":["post-4522","post","type-post","status-publish","format-standard","has-post-thumbnail","hentry","category-familyhacks"],"aioseo_notices":[],"_links":{"self":[{"href":"https:\/\/thecirkl.app\/sv\/wp-json\/wp\/v2\/posts\/4522","targetHints":{"allow":["GET"]}}],"collection":[{"href":"https:\/\/thecirkl.app\/sv\/wp-json\/wp\/v2\/posts"}],"about":[{"href":"https:\/\/thecirkl.app\/sv\/wp-json\/wp\/v2\/types\/post"}],"author":[{"embeddable":true,"href":"https:\/\/thecirkl.app\/sv\/wp-json\/wp\/v2\/users\/2"}],"replies":[{"embeddable":true,"href":"https:\/\/thecirkl.app\/sv\/wp-json\/wp\/v2\/comments?post=4522"}],"version-history":[{"count":10,"href":"https:\/\/thecirkl.app\/sv\/wp-json\/wp\/v2\/posts\/4522\/revisions"}],"predecessor-version":[{"id":4605,"href":"https:\/\/thecirkl.app\/sv\/wp-json\/wp\/v2\/posts\/4522\/revisions\/4605"}],"wp:featuredmedia":[{"embeddable":true,"href":"https:\/\/thecirkl.app\/sv\/wp-json\/wp\/v2\/media\/2290"}],"wp:attachment":[{"href":"https:\/\/thecirkl.app\/sv\/wp-json\/wp\/v2\/media?parent=4522"}],"wp:term":[{"taxonomy":"category","embeddable":true,"href":"https:\/\/thecirkl.app\/sv\/wp-json\/wp\/v2\/categories?post=4522"},{"taxonomy":"post_tag","embeddable":true,"href":"https:\/\/thecirkl.app\/sv\/wp-json\/wp\/v2\/tags?post=4522"}],"curies":[{"name":"wp","href":"https:\/\/api.w.org\/{rel}","templated":true}]}}