{"id":4324,"date":"2023-05-17T18:33:52","date_gmt":"2023-05-17T18:33:52","guid":{"rendered":"https:\/\/thecirkl.app\/?p=4324"},"modified":"2023-05-26T06:59:30","modified_gmt":"2023-05-26T06:59:30","slug":"lugnare-nedrakning-infor-semestern","status":"publish","type":"post","link":"https:\/\/thecirkl.app\/sv\/inapp\/familyhacks\/lugnare-nedrakning-infor-semestern\/","title":{"rendered":"Lugnare nedr\u00e4kning inf\u00f6r semestern"},"content":{"rendered":"<h3><img decoding=\"async\" class=\"lazyload alignnone wp-image-4325\" src=\"https:\/\/thecirkl.app\/wp-content\/uploads\/2023\/05\/rafael-cisneros-mendez-y5PG8ZecXQI-unsplash-400x267.jpg\" data-orig-src=\"https:\/\/thecirkl.app\/wp-content\/uploads\/2023\/05\/rafael-cisneros-mendez-y5PG8ZecXQI-unsplash-400x267.jpg\" alt=\"\" width=\"300\" height=\"200\" srcset=\"data:image\/svg+xml,%3Csvg%20xmlns%3D%27http%3A%2F%2Fwww.w3.org%2F2000%2Fsvg%27%20width%3D%27300%27%20height%3D%27200%27%20viewBox%3D%270%200%20300%20200%27%3E%3Crect%20width%3D%27300%27%20height%3D%27200%27%20fill-opacity%3D%220%22%2F%3E%3C%2Fsvg%3E\" data-srcset=\"https:\/\/thecirkl.app\/wp-content\/uploads\/2023\/05\/rafael-cisneros-mendez-y5PG8ZecXQI-unsplash-200x133.jpg 200w, https:\/\/thecirkl.app\/wp-content\/uploads\/2023\/05\/rafael-cisneros-mendez-y5PG8ZecXQI-unsplash-400x267.jpg 400w, https:\/\/thecirkl.app\/wp-content\/uploads\/2023\/05\/rafael-cisneros-mendez-y5PG8ZecXQI-unsplash-500x333.jpg 500w, https:\/\/thecirkl.app\/wp-content\/uploads\/2023\/05\/rafael-cisneros-mendez-y5PG8ZecXQI-unsplash-600x400.jpg 600w, https:\/\/thecirkl.app\/wp-content\/uploads\/2023\/05\/rafael-cisneros-mendez-y5PG8ZecXQI-unsplash-768x512.jpg 768w, https:\/\/thecirkl.app\/wp-content\/uploads\/2023\/05\/rafael-cisneros-mendez-y5PG8ZecXQI-unsplash-800x533.jpg 800w, https:\/\/thecirkl.app\/wp-content\/uploads\/2023\/05\/rafael-cisneros-mendez-y5PG8ZecXQI-unsplash-1024x683.jpg 1024w, https:\/\/thecirkl.app\/wp-content\/uploads\/2023\/05\/rafael-cisneros-mendez-y5PG8ZecXQI-unsplash-1200x800.jpg 1200w, https:\/\/thecirkl.app\/wp-content\/uploads\/2023\/05\/rafael-cisneros-mendez-y5PG8ZecXQI-unsplash-1536x1024.jpg 1536w\" data-sizes=\"auto\" data-orig-sizes=\"(max-width: 300px) 100vw, 300px\" \/><\/h3>\n<p><strong>Skapa en prioritering f\u00f6r vad som beh\u00f6ver vara klart innan ledigheten \u2013 och vad som kan v\u00e4nta \u00a0<\/strong><\/p>\n<p><span data-contrast=\"auto\">Tiden fram till ledigheten g\u00e5r fort, s\u00e5 se till att l\u00e4gga den p\u00e5 det som \u00e4r viktigast f\u00f6rst. Med st\u00f6rsta sannolikhet finns det mindre tidskritiska uppgifter som kan v\u00e4nta tills du \u00e4r \u00e5ter. Genom att skapa en tydlig prioriteringsordning f\u00f6r dig sj\u00e4lv och arbeta utefter den minskar du dessutom risken att n\u00e5gonting hamnar mellan stolarna n\u00e4r du v\u00e4l tar din v\u00e4lf\u00f6rtj\u00e4nta semester. <\/span><\/p>\n<p><strong>Minnesanteckningar<\/strong><\/p>\n<p><span data-ccp-props=\"{&quot;201341983&quot;:0,&quot;335559739&quot;:160,&quot;335559740&quot;:259}\"> Skriv minnesanteckningar till dig sj\u00e4lv innan du g\u00e5r p\u00e5 semester f\u00f6r att slippa t\u00e4nka p\u00e5 jobbf\u00f6rberedelser n\u00e4r du \u00e4r ledig (mycket av det du sitter med idag kommer f\u00f6rhoppningsvis k\u00e4nnas v\u00e4ldigt avl\u00e4gset efter n\u00e5gra veckors ledighet).\u00a0<\/span><\/p>\n<p><strong>Tydligg\u00f6r eventuell \u00f6verl\u00e4mning \u00a0<\/strong><\/p>\n<p><span data-contrast=\"auto\">Att l\u00e4mna \u00f6ver vissa uppgifter till kollegor under sin semester \u00e4r helt naturligt. Se till att ge en s\u00e5 tydlig \u00f6verl\u00e4mning som m\u00f6jligt, med f\u00f6rdel s\u00e5v\u00e4l muntlig som skriftlig. Prata \u00e4ven om hur din kollega b\u00e4st \u00e5terkopplar till dig vad som \u00e4r gjort och vad som eventuellt finns kvar att g\u00f6ra.\u00a0 <\/span><span data-ccp-props=\"{&quot;201341983&quot;:0,&quot;335559739&quot;:160,&quot;335559740&quot;:259}\">\u00a0<\/span><\/p>\n<p><strong>Varva ned gradvis\u00a0<\/strong><\/p>\n<p><span data-contrast=\"auto\">F\u00f6rs\u00f6k i den m\u00e5n det g\u00e5r att varva ner inf\u00f6r semestern. Flexa ut tidigare en lugn dag, ta en l\u00e5nglunch med en kollega eller \u00e4t middagen utomhus i en park. P\u00e5 s\u00e5 s\u00e4tt kan du smygstarta semesterk\u00e4nslan redan innan din f\u00f6rsta semesterdag, och du minskar ner tiden det tar att varva ner helt n\u00e4r semestern v\u00e4l kommer.<\/span><span data-ccp-props=\"{&quot;201341983&quot;:0,&quot;335559739&quot;:160,&quot;335559740&quot;:259}\">\u00a0<\/span><\/p>\n<p><strong>Planera din f\u00f6rsta tid efter semestern \u00a0<\/strong><\/p>\n<p><span data-contrast=\"auto\">Minska eventuell stress inf\u00f6r jobbstart genom att redan nu skapa en struktur \u00f6ver f\u00f6rsta tiden efter ledigheten. Boka av tid i kalendern &#8211; f\u00f6r uppgifter du vet att du kommer beh\u00f6va g\u00f6ra direkt och tid f\u00f6r reflektion och planering.\u00a0<\/span><\/p>\n<p><strong>Skriv autosvar p\u00e5 mejlen\u00a0<\/strong><\/p>\n<p><span data-contrast=\"auto\">Fundera \u00f6ver hur du vill hantera din mejl. Skriver du att du l\u00e4ser mejlen sporadiskt \u00e4r risken att personer som mejlar dig f\u00f6rv\u00e4ntar sig svar. Meddela d\u00e4rf\u00f6r hellre bara att du har semester, n\u00e4r du ber\u00e4knas vara \u00e5ter och var man kan v\u00e4nda sig med br\u00e5dskande fr\u00e5gor.<\/span><span data-ccp-props=\"{&quot;201341983&quot;:0,&quot;335559739&quot;:160,&quot;335559740&quot;:259}\">\u00a0<\/span><\/p>\n<p><strong>Vad g\u00e4ller under semestern &#8211; prata med chef &amp; kollegor<\/strong><\/p>\n<p>Prata med din chef och dina kollegor om hur ni ska f\u00f6rh\u00e5lla er till jobbet, mailen och mobilen under semestern. Kolla mailen en g\u00e5ng per dag? Ring om akut\/viktigt? Skicka sms &amp; man svarar n\u00e4r man kan? \u00c4r man ledig s\u00e5 \u00e4r man helt ledig, n\u00e5gon annan backar upp? Ja du fattar. Prata om det innan s\u00e5 du vet vad som f\u00f6rv\u00e4ntas av dig. I m\u00f6jligaste m\u00e5n, f\u00f6rs\u00f6k att vara helt ledig, om inte annat avgr\u00e4nsa s\u00e5 l\u00e5ngt det bara g\u00e5r.<\/p>\n<p>&nbsp;<\/p>\n","protected":false},"excerpt":{"rendered":"<p>Skapa en prioritering f\u00f6r vad som beh\u00f6ver vara klart innan ledigheten \u2013 och vad som kan v\u00e4nta \u00a0 Tiden fram till ledigheten g\u00e5r fort, s\u00e5 se till att l\u00e4gga den p\u00e5 det som \u00e4r viktigast f\u00f6rst. Med st\u00f6rsta sannolikhet finns [&hellip;]<\/p>\n","protected":false},"author":2,"featured_media":4325,"comment_status":"closed","ping_status":"open","sticky":false,"template":"","format":"standard","meta":{"footnotes":""},"categories":[42],"tags":[],"class_list":["post-4324","post","type-post","status-publish","format-standard","has-post-thumbnail","hentry","category-familyhacks"],"aioseo_notices":[],"_links":{"self":[{"href":"https:\/\/thecirkl.app\/sv\/wp-json\/wp\/v2\/posts\/4324","targetHints":{"allow":["GET"]}}],"collection":[{"href":"https:\/\/thecirkl.app\/sv\/wp-json\/wp\/v2\/posts"}],"about":[{"href":"https:\/\/thecirkl.app\/sv\/wp-json\/wp\/v2\/types\/post"}],"author":[{"embeddable":true,"href":"https:\/\/thecirkl.app\/sv\/wp-json\/wp\/v2\/users\/2"}],"replies":[{"embeddable":true,"href":"https:\/\/thecirkl.app\/sv\/wp-json\/wp\/v2\/comments?post=4324"}],"version-history":[{"count":4,"href":"https:\/\/thecirkl.app\/sv\/wp-json\/wp\/v2\/posts\/4324\/revisions"}],"predecessor-version":[{"id":4341,"href":"https:\/\/thecirkl.app\/sv\/wp-json\/wp\/v2\/posts\/4324\/revisions\/4341"}],"wp:featuredmedia":[{"embeddable":true,"href":"https:\/\/thecirkl.app\/sv\/wp-json\/wp\/v2\/media\/4325"}],"wp:attachment":[{"href":"https:\/\/thecirkl.app\/sv\/wp-json\/wp\/v2\/media?parent=4324"}],"wp:term":[{"taxonomy":"category","embeddable":true,"href":"https:\/\/thecirkl.app\/sv\/wp-json\/wp\/v2\/categories?post=4324"},{"taxonomy":"post_tag","embeddable":true,"href":"https:\/\/thecirkl.app\/sv\/wp-json\/wp\/v2\/tags?post=4324"}],"curies":[{"name":"wp","href":"https:\/\/api.w.org\/{rel}","templated":true}]}}