{"id":3917,"date":"2023-02-07T15:55:41","date_gmt":"2023-02-07T15:55:41","guid":{"rendered":"https:\/\/thecirkl.app\/?p=3917"},"modified":"2023-02-07T15:58:43","modified_gmt":"2023-02-07T15:58:43","slug":"alla-hjartans-dag-utan-krav","status":"publish","type":"post","link":"https:\/\/thecirkl.app\/sv\/okategoriserad\/alla-hjartans-dag-utan-krav\/","title":{"rendered":"Alla hj\u00e4rtans dag utan krav"},"content":{"rendered":"<h2><img decoding=\"async\" class=\"lazyload alignnone wp-image-3911\" src=\"https:\/\/thecirkl.app\/wp-content\/uploads\/2023\/02\/hjartan-hander-farg-400x269.jpg\" data-orig-src=\"https:\/\/thecirkl.app\/wp-content\/uploads\/2023\/02\/hjartan-hander-farg-400x269.jpg\" alt=\"\" width=\"300\" height=\"202\" srcset=\"data:image\/svg+xml,%3Csvg%20xmlns%3D%27http%3A%2F%2Fwww.w3.org%2F2000%2Fsvg%27%20width%3D%27300%27%20height%3D%27202%27%20viewBox%3D%270%200%20300%20202%27%3E%3Crect%20width%3D%27300%27%20height%3D%27202%27%20fill-opacity%3D%220%22%2F%3E%3C%2Fsvg%3E\" data-srcset=\"https:\/\/thecirkl.app\/wp-content\/uploads\/2023\/02\/hjartan-hander-farg-200x134.jpg 200w, https:\/\/thecirkl.app\/wp-content\/uploads\/2023\/02\/hjartan-hander-farg-400x269.jpg 400w, https:\/\/thecirkl.app\/wp-content\/uploads\/2023\/02\/hjartan-hander-farg-500x336.jpg 500w, https:\/\/thecirkl.app\/wp-content\/uploads\/2023\/02\/hjartan-hander-farg-600x403.jpg 600w, https:\/\/thecirkl.app\/wp-content\/uploads\/2023\/02\/hjartan-hander-farg-768x516.jpg 768w, https:\/\/thecirkl.app\/wp-content\/uploads\/2023\/02\/hjartan-hander-farg-800x537.jpg 800w, https:\/\/thecirkl.app\/wp-content\/uploads\/2023\/02\/hjartan-hander-farg-1024x687.jpg 1024w, https:\/\/thecirkl.app\/wp-content\/uploads\/2023\/02\/hjartan-hander-farg-1200x806.jpg 1200w, https:\/\/thecirkl.app\/wp-content\/uploads\/2023\/02\/hjartan-hander-farg-1536x1031.jpg 1536w\" data-sizes=\"auto\" data-orig-sizes=\"(max-width: 300px) 100vw, 300px\" \/><\/h2>\n<h2>Barnen i fokus<\/h2>\n<p>M\u00e5nga kallar denna dag f\u00f6r ett kommersiellt jippo, andra g\u00e5r all in och vissa g\u00f6r n\u00e5got litet.<\/p>\n<p>Det b\u00e4sta \u00e4r f\u00f6rst\u00e5s om vi kan visa varandra k\u00e4rlek och omtanke varje dag. Men varf\u00f6r inte g\u00f6ra lite extra mysigt den 14 februari &#8211; och d\u00e5 med fokus p\u00e5 barnen.<\/p>\n<p>\u00c4r inte barnen hos dig just denna dag &#8211; skicka sms, ring, Facetimea och\/eller varf\u00f6r inte spela in ett k\u00e4rleksfullt och roligt videoklipp.<\/p>\n<p>Visa barnen att det inte beh\u00f6ver kosta mycket pengar, utan det handlar om att vara tillsammans &#8211; oavsett familjekonstellation eller om det \u00e4r egna, andras eller varandras ungar.<\/p>\n<h2>H\u00e4r kommer n\u00e5gra k\u00e4rleksfulla tips<\/h2>\n<p><strong>V\u00e4ck med k\u00e4rlek.<\/strong> V\u00e4ck barnen med extra m\u00e5nga pussar och kramar. Ber\u00e4tta hur mycket du \u00e4lskar dom. Spela glad musik som de gillar.<\/p>\n<p><strong>Smycka dig sj\u00e4lv.<\/strong> Innan du g\u00e5r till jobbet, pynta dig sj\u00e4lv med smycken som barnen har gjort till dig tidigare &#8211; barnen kommer bli s\u00e5 glada.<\/p>\n<p><strong>Pyssla tillsammans. <\/strong>G\u00f6r hj\u00e4rtan med hj\u00e4lp av p\u00e4rlor\/p\u00e4rlplatta. G\u00f6r ett r\u00f6tt armband. M\u00e5la hj\u00e4rtan med fingerf\u00e4rg. Baka en hj\u00e4rtformad kaka. G\u00f6r bordsdekoration, ex klipp pappershj\u00e4rtan som ni f\u00e4rgl\u00e4gger.<\/p>\n<p><strong>Hj\u00e4rtformad middag.<\/strong> L\u00e5t barnen f\u00e5 v\u00e4lja vad ni ska \u00e4ta till middag idag, kanske hj\u00e4rt-v\u00e5fflor? Duka extra fint. G\u00f6r bordsplacering. T\u00e4nd ljus.<\/p>\n<p><strong>Hitta p\u00e5 en mysig saga.<\/strong> N\u00e4r det \u00e4r dags f\u00f6r att sova, hitta p\u00e5 en egen saga som du ber\u00e4ttar f\u00f6r barnen. Anv\u00e4nd g\u00e4rna barnet\/barnens namn i sagan. &#8220;Det var en g\u00e5ng en hund som hette Lennart som tillsammans med barnen Agnes &amp; Sixten skulle \u00e5ka p\u00e5 \u00e4ventyr f\u00f6r att hitta nya sn\u00e4lla &amp; omt\u00e4nksamma kompisar&#8230;&#8221;. L\u00e5t fantasin fl\u00f6da :). Har du \u00e4ldre barn kanske ni kan l\u00e4sa h\u00f6gt ur en bok som alla gillar innan dags att sova.<\/p>\n<p><em><strong>Vi p\u00e5 Cirkl \u00f6nskar en fin alla hj\u00e4rtans dag!<\/strong><\/em><\/p>\n","protected":false},"excerpt":{"rendered":"<p>Barnen i fokus M\u00e5nga kallar denna dag f\u00f6r ett kommersiellt jippo, andra g\u00e5r all in och vissa g\u00f6r n\u00e5got litet. Det b\u00e4sta \u00e4r f\u00f6rst\u00e5s om vi kan visa varandra k\u00e4rlek och omtanke varje dag. Men varf\u00f6r inte g\u00f6ra lite extra [&hellip;]<\/p>\n","protected":false},"author":2,"featured_media":3911,"comment_status":"closed","ping_status":"open","sticky":false,"template":"","format":"standard","meta":{"footnotes":""},"categories":[42,1],"tags":[],"class_list":["post-3917","post","type-post","status-publish","format-standard","has-post-thumbnail","hentry","category-familyhacks","category-okategoriserad"],"aioseo_notices":[],"_links":{"self":[{"href":"https:\/\/thecirkl.app\/sv\/wp-json\/wp\/v2\/posts\/3917","targetHints":{"allow":["GET"]}}],"collection":[{"href":"https:\/\/thecirkl.app\/sv\/wp-json\/wp\/v2\/posts"}],"about":[{"href":"https:\/\/thecirkl.app\/sv\/wp-json\/wp\/v2\/types\/post"}],"author":[{"embeddable":true,"href":"https:\/\/thecirkl.app\/sv\/wp-json\/wp\/v2\/users\/2"}],"replies":[{"embeddable":true,"href":"https:\/\/thecirkl.app\/sv\/wp-json\/wp\/v2\/comments?post=3917"}],"version-history":[{"count":7,"href":"https:\/\/thecirkl.app\/sv\/wp-json\/wp\/v2\/posts\/3917\/revisions"}],"predecessor-version":[{"id":3924,"href":"https:\/\/thecirkl.app\/sv\/wp-json\/wp\/v2\/posts\/3917\/revisions\/3924"}],"wp:featuredmedia":[{"embeddable":true,"href":"https:\/\/thecirkl.app\/sv\/wp-json\/wp\/v2\/media\/3911"}],"wp:attachment":[{"href":"https:\/\/thecirkl.app\/sv\/wp-json\/wp\/v2\/media?parent=3917"}],"wp:term":[{"taxonomy":"category","embeddable":true,"href":"https:\/\/thecirkl.app\/sv\/wp-json\/wp\/v2\/categories?post=3917"},{"taxonomy":"post_tag","embeddable":true,"href":"https:\/\/thecirkl.app\/sv\/wp-json\/wp\/v2\/tags?post=3917"}],"curies":[{"name":"wp","href":"https:\/\/api.w.org\/{rel}","templated":true}]}}