{"id":3866,"date":"2023-02-03T03:42:01","date_gmt":"2023-02-03T03:42:01","guid":{"rendered":"https:\/\/thecirkl.app\/?p=3866"},"modified":"2023-02-03T03:42:01","modified_gmt":"2023-02-03T03:42:01","slug":"mormor-eva-berattar","status":"publish","type":"post","link":"https:\/\/thecirkl.app\/sv\/inapp\/familyhacks\/mormor-eva-berattar\/","title":{"rendered":"Mormor Eva ber\u00e4ttar"},"content":{"rendered":"<p><img decoding=\"async\" class=\"lazyload alignnone  wp-image-3867\" src=\"https:\/\/thecirkl.app\/wp-content\/uploads\/2023\/02\/mormor-havet--400x267.jpg\" data-orig-src=\"https:\/\/thecirkl.app\/wp-content\/uploads\/2023\/02\/mormor-havet--400x267.jpg\" alt=\"\" width=\"300\" height=\"200\" srcset=\"data:image\/svg+xml,%3Csvg%20xmlns%3D%27http%3A%2F%2Fwww.w3.org%2F2000%2Fsvg%27%20width%3D%27300%27%20height%3D%27200%27%20viewBox%3D%270%200%20300%20200%27%3E%3Crect%20width%3D%27300%27%20height%3D%27200%27%20fill-opacity%3D%220%22%2F%3E%3C%2Fsvg%3E\" data-srcset=\"https:\/\/thecirkl.app\/wp-content\/uploads\/2023\/02\/mormor-havet--200x133.jpg 200w, https:\/\/thecirkl.app\/wp-content\/uploads\/2023\/02\/mormor-havet--400x267.jpg 400w, https:\/\/thecirkl.app\/wp-content\/uploads\/2023\/02\/mormor-havet--500x333.jpg 500w, https:\/\/thecirkl.app\/wp-content\/uploads\/2023\/02\/mormor-havet--600x400.jpg 600w, https:\/\/thecirkl.app\/wp-content\/uploads\/2023\/02\/mormor-havet--768x512.jpg 768w, https:\/\/thecirkl.app\/wp-content\/uploads\/2023\/02\/mormor-havet--800x533.jpg 800w, https:\/\/thecirkl.app\/wp-content\/uploads\/2023\/02\/mormor-havet--1024x683.jpg 1024w, https:\/\/thecirkl.app\/wp-content\/uploads\/2023\/02\/mormor-havet--1200x800.jpg 1200w, https:\/\/thecirkl.app\/wp-content\/uploads\/2023\/02\/mormor-havet--1536x1024.jpg 1536w\" data-sizes=\"auto\" data-orig-sizes=\"(max-width: 300px) 100vw, 300px\" \/><\/p>\n<p>Jag har alltid varit n\u00e4ra min dotter och hennes familj. F\u00f6r n\u00e5gra \u00e5r sedan flyttade jag n\u00e4rmre dem. Inte f\u00f6r att vara kl\u00e4ngig, jag har mitt egna liv. Men f\u00f6r att skapa mer naturliga tillf\u00e4llen att vara med mina barnbarn. Min son bor i Australien s\u00e5 d\u00e4r \u00e4r det inte lika l\u00e4tt att vara en n\u00e4rvarande farmor \u00e4ven om vi tr\u00e4ffas minst tv\u00e5 g\u00e5nger per \u00e5r.<\/p>\n<p>N\u00e4r min dotter ber\u00e4ttade om Cirkl var jag f\u00f6rst skeptisk d\u00e5 jag inte gillar appar och s\u00e5nt d\u00e4r. Men nu \u00e4r jag s\u00e5 glad. Glad att att vara en del av familjens Cirkel.<\/p>\n<p>Givetvis har jag inte insyn i deras vardag och h\u00e4ndelser. Men alla de aktiviteter d\u00e4r jag \u00e4r en del s\u00e5 ser jag allt i Cirkl.<\/p>\n<p>Jag hoppas verkligen att fler familjer som anv\u00e4nder Cirkl bjuder in far- och morf\u00f6r\u00e4ldrar som har m\u00f6jlighet att engagera sig i deras liv.<\/p>\n<p><strong>Ni fr\u00e5gade mig om vad jag g\u00f6r kopplat till Cirkl, s\u00e5 har h\u00e4r f\u00f6rs\u00f6kt ge n\u00e5gra exempel:\u00a0<\/strong><\/p>\n<ul>\n<li>Jag h\u00e4mtar barnen i skolan varje tisdag, s\u00e5 det st\u00e5r tydligt i Cirkl<\/li>\n<li>Jag har jobbat som l\u00e4rare, s\u00e5 varje torsdag hj\u00e4lper jag barnen med l\u00e4xorna<\/li>\n<li>En g\u00e5ng i m\u00e5naden (s\u00f6ndag) g\u00e5r vi ut &amp; \u00e4ter tillsammans, s\u00e5 i Cirkl ser jag vilken dag det \u00e4r och p\u00e5 vilken restaurang<\/li>\n<li>Barnens \u00f6nskelistor fick jag tillg\u00e5ng till, s\u00e5 det var l\u00e4tt att st\u00e4mma av med min dotter vad jag skulle ge f\u00f6r julklappar<\/li>\n<li>N\u00e4r det \u00e4r kalas f\u00f6r n\u00e5got av barnbarnen bjuds jag in via Cirkl s\u00e5 jag vet datum &amp; tid<\/li>\n<li>Min dotter delade en anteckning med mig om vem som skulle fixa vilken mat till julen. Har aldrig varit l\u00e4ttare och smidigare inf\u00f6r n\u00e5gon jul som nu. Alla visste vem som skulle g\u00f6ra vad.<\/li>\n<\/ul>\n<p>Jag har endast anv\u00e4nt Cirkl i tv\u00e5 m\u00e5nader men \u00e4r \u00f6vertygad om att jag kommer se fler f\u00f6rdelar och bjudas in till fler aktiviteter.<\/p>\n<p>Jag \u00e4r verkligen glad f\u00f6r Cirkl. \u00c4ven om jag har mitt liv och mina aktiviteter, s\u00e5 k\u00e4nner jag verkligen att jag \u00e4r en naturlig del av mina barnbarns liv.<\/p>\n<p>Hoppas att detta kan ge inspiration till andra familjer som anv\u00e4nder Cirkl.<\/p>\n<p>Med v\u00e4nlig h\u00e4lsning,<\/p>\n<p>Eva<\/p>\n<p>&nbsp;<\/p>\n<p>&nbsp;<\/p>\n","protected":false},"excerpt":{"rendered":"<p>Jag har alltid varit n\u00e4ra min dotter och hennes familj. F\u00f6r n\u00e5gra \u00e5r sedan flyttade jag n\u00e4rmre dem. Inte f\u00f6r att vara kl\u00e4ngig, jag har mitt egna liv. Men f\u00f6r att skapa mer naturliga tillf\u00e4llen att vara med mina barnbarn. [&hellip;]<\/p>\n","protected":false},"author":2,"featured_media":3867,"comment_status":"closed","ping_status":"open","sticky":false,"template":"","format":"standard","meta":{"footnotes":""},"categories":[44,42],"tags":[],"class_list":["post-3866","post","type-post","status-publish","format-standard","has-post-thumbnail","hentry","category-cirkl-tips","category-familyhacks"],"aioseo_notices":[],"_links":{"self":[{"href":"https:\/\/thecirkl.app\/sv\/wp-json\/wp\/v2\/posts\/3866","targetHints":{"allow":["GET"]}}],"collection":[{"href":"https:\/\/thecirkl.app\/sv\/wp-json\/wp\/v2\/posts"}],"about":[{"href":"https:\/\/thecirkl.app\/sv\/wp-json\/wp\/v2\/types\/post"}],"author":[{"embeddable":true,"href":"https:\/\/thecirkl.app\/sv\/wp-json\/wp\/v2\/users\/2"}],"replies":[{"embeddable":true,"href":"https:\/\/thecirkl.app\/sv\/wp-json\/wp\/v2\/comments?post=3866"}],"version-history":[{"count":1,"href":"https:\/\/thecirkl.app\/sv\/wp-json\/wp\/v2\/posts\/3866\/revisions"}],"predecessor-version":[{"id":3869,"href":"https:\/\/thecirkl.app\/sv\/wp-json\/wp\/v2\/posts\/3866\/revisions\/3869"}],"wp:featuredmedia":[{"embeddable":true,"href":"https:\/\/thecirkl.app\/sv\/wp-json\/wp\/v2\/media\/3867"}],"wp:attachment":[{"href":"https:\/\/thecirkl.app\/sv\/wp-json\/wp\/v2\/media?parent=3866"}],"wp:term":[{"taxonomy":"category","embeddable":true,"href":"https:\/\/thecirkl.app\/sv\/wp-json\/wp\/v2\/categories?post=3866"},{"taxonomy":"post_tag","embeddable":true,"href":"https:\/\/thecirkl.app\/sv\/wp-json\/wp\/v2\/tags?post=3866"}],"curies":[{"name":"wp","href":"https:\/\/api.w.org\/{rel}","templated":true}]}}