{"id":3627,"date":"2023-01-31T22:17:58","date_gmt":"2023-01-31T22:17:58","guid":{"rendered":"https:\/\/thecirkl.app\/?p=3627"},"modified":"2023-02-03T02:24:18","modified_gmt":"2023-02-03T02:24:18","slug":"kvallsrutin-med-bra-vibrationer","status":"publish","type":"post","link":"https:\/\/thecirkl.app\/sv\/inapp\/familyhacks\/kvallsrutin-med-bra-vibrationer\/","title":{"rendered":"Kv\u00e4llsrutin med bra vibrationer"},"content":{"rendered":"<div class=\"_ab8w _ab94 _ab99 _ab9f _ab9m _ab9p _abbh _abcm\">\n<h2>St\u00e5ende kv\u00e4llsrutin med barnen<\/h2>\n<p class=\"xt0psk2\">Det \u00e4r inte alltid det l\u00e4ttaste att f\u00e5 barnen ner i varv innan det \u00e4r dags att g\u00e5 och l\u00e4gga sig. Ett hack \u00e4r att g\u00f6ra ett veckoschema som du s\u00e4tter upp p\u00e5 l\u00e4mpligt st\u00e4lle v\u00e4l synligt f\u00f6r barnen. Best\u00e4m ocks\u00e5 vilken tid nedvarvningen ska b\u00f6rja respektive kv\u00e4ll\/varje kv\u00e4ll.<\/p>\n<p class=\"xt0psk2\">Vad du v\u00e4ljer att skriva i schemat beror givetvis p\u00e5 barnens \u00e5lder &#8211; s\u00e5 se nedan som inspiration.<\/p>\n<p class=\"xt0psk2\">Rubriken ex &#8220;L\u00e4sa bok&#8221; \u00e4r st\u00e5ende x dag i veckan. P\u00e5 en post-it lapp som ni s\u00e4tter under skriver ni vilken bok ni ska l\u00e4sa just denna vecka. Har ni g\u00e4ster eller \u00e4r borta p\u00e5 helgen, skriv in vad som g\u00e4ller d\u00e5.<\/p>\n<h3><b>S\u00e5 h\u00e4r g\u00f6r du &#8211; detta beh\u00f6ver du<\/b><\/h3>\n<p>Skaffa ett st\u00f6rre papper eller s\u00e4tt ihop 7 mindre papper. Pennor att skriva &#8220;aktiviteten&#8221; med + att m\u00e5la en illustrerande bild (eller klistra dit ett foto\/bild). Post-it lappar d\u00e4r du som vuxen tillsammans med barnen best\u00e4mmer inf\u00f6r varje ny vecka exempelvis vilken bok ni ska l\u00e4sa\/lyssna p\u00e5 osv.<\/p>\n<p><strong>M\u00e5ndag: Lyssna p\u00e5 ljudbok<\/strong><\/p>\n<p><img decoding=\"async\" class=\"lazyload alignnone wp-image-3646\" src=\"https:\/\/thecirkl.app\/wp-content\/uploads\/2023\/01\/barn-och-bok-400x267.jpg\" data-orig-src=\"https:\/\/thecirkl.app\/wp-content\/uploads\/2023\/01\/barn-och-bok-400x267.jpg\" alt=\"\" width=\"300\" height=\"200\" srcset=\"data:image\/svg+xml,%3Csvg%20xmlns%3D%27http%3A%2F%2Fwww.w3.org%2F2000%2Fsvg%27%20width%3D%27300%27%20height%3D%27200%27%20viewBox%3D%270%200%20300%20200%27%3E%3Crect%20width%3D%27300%27%20height%3D%27200%27%20fill-opacity%3D%220%22%2F%3E%3C%2Fsvg%3E\" data-srcset=\"https:\/\/thecirkl.app\/wp-content\/uploads\/2023\/01\/barn-och-bok-200x133.jpg 200w, https:\/\/thecirkl.app\/wp-content\/uploads\/2023\/01\/barn-och-bok-400x267.jpg 400w, https:\/\/thecirkl.app\/wp-content\/uploads\/2023\/01\/barn-och-bok-500x333.jpg 500w, https:\/\/thecirkl.app\/wp-content\/uploads\/2023\/01\/barn-och-bok-600x400.jpg 600w, https:\/\/thecirkl.app\/wp-content\/uploads\/2023\/01\/barn-och-bok-768x512.jpg 768w, https:\/\/thecirkl.app\/wp-content\/uploads\/2023\/01\/barn-och-bok-800x533.jpg 800w, https:\/\/thecirkl.app\/wp-content\/uploads\/2023\/01\/barn-och-bok-1024x683.jpg 1024w, https:\/\/thecirkl.app\/wp-content\/uploads\/2023\/01\/barn-och-bok-1200x800.jpg 1200w, https:\/\/thecirkl.app\/wp-content\/uploads\/2023\/01\/barn-och-bok-1536x1024.jpg 1536w\" data-sizes=\"auto\" data-orig-sizes=\"(max-width: 300px) 100vw, 300px\" \/><\/p>\n<p>Varje vecka v\u00e4ljer ni boken ni ska lyssna p\u00e5. V\u00e4lj samma plats varje m\u00e5ndag.<\/p>\n<p><strong>Tisdag: SPA-kv\u00e4ll\u00a0<\/strong><\/p>\n<p><img decoding=\"async\" class=\"lazyload alignnone wp-image-3644\" src=\"https:\/\/thecirkl.app\/wp-content\/uploads\/2023\/01\/bad-barn-400x600.jpg\" data-orig-src=\"https:\/\/thecirkl.app\/wp-content\/uploads\/2023\/01\/bad-barn-400x600.jpg\" alt=\"\" width=\"230\" height=\"346\" srcset=\"data:image\/svg+xml,%3Csvg%20xmlns%3D%27http%3A%2F%2Fwww.w3.org%2F2000%2Fsvg%27%20width%3D%27230%27%20height%3D%27346%27%20viewBox%3D%270%200%20230%20346%27%3E%3Crect%20width%3D%27230%27%20height%3D%27346%27%20fill-opacity%3D%220%22%2F%3E%3C%2Fsvg%3E\" data-srcset=\"https:\/\/thecirkl.app\/wp-content\/uploads\/2023\/01\/bad-barn-200x300.jpg 200w, https:\/\/thecirkl.app\/wp-content\/uploads\/2023\/01\/bad-barn-333x500.jpg 333w, https:\/\/thecirkl.app\/wp-content\/uploads\/2023\/01\/bad-barn-400x600.jpg 400w, https:\/\/thecirkl.app\/wp-content\/uploads\/2023\/01\/bad-barn-600x900.jpg 600w, https:\/\/thecirkl.app\/wp-content\/uploads\/2023\/01\/bad-barn-683x1024.jpg 683w, https:\/\/thecirkl.app\/wp-content\/uploads\/2023\/01\/bad-barn-768x1152.jpg 768w, https:\/\/thecirkl.app\/wp-content\/uploads\/2023\/01\/bad-barn-800x1200.jpg 800w, https:\/\/thecirkl.app\/wp-content\/uploads\/2023\/01\/bad-barn-1024x1536.jpg 1024w, https:\/\/thecirkl.app\/wp-content\/uploads\/2023\/01\/bad-barn-1200x1800.jpg 1200w, https:\/\/thecirkl.app\/wp-content\/uploads\/2023\/01\/bad-barn-1365x2048.jpg 1365w, https:\/\/thecirkl.app\/wp-content\/uploads\/2023\/01\/bad-barn-scaled.jpg 1707w\" data-sizes=\"auto\" data-orig-sizes=\"(max-width: 230px) 100vw, 230px\" \/><\/p>\n<p>Bada med bubblor eller duscha med l\u00f6ddrig tv\u00e5l. S\u00e4tt p\u00e5 lugn SPA-musik. Kanske t\u00e4nda en lykta.<\/p>\n<p><strong>Onsdag: L\u00e4sa en bok<\/strong><\/p>\n<p><img decoding=\"async\" class=\"lazyload alignnone wp-image-3637\" src=\"https:\/\/thecirkl.app\/wp-content\/uploads\/2023\/01\/barnbok-400x290.jpg\" data-orig-src=\"https:\/\/thecirkl.app\/wp-content\/uploads\/2023\/01\/barnbok-400x290.jpg\" alt=\"\" width=\"300\" height=\"218\" srcset=\"data:image\/svg+xml,%3Csvg%20xmlns%3D%27http%3A%2F%2Fwww.w3.org%2F2000%2Fsvg%27%20width%3D%27300%27%20height%3D%27218%27%20viewBox%3D%270%200%20300%20218%27%3E%3Crect%20width%3D%27300%27%20height%3D%27218%27%20fill-opacity%3D%220%22%2F%3E%3C%2Fsvg%3E\" data-srcset=\"https:\/\/thecirkl.app\/wp-content\/uploads\/2023\/01\/barnbok-200x145.jpg 200w, https:\/\/thecirkl.app\/wp-content\/uploads\/2023\/01\/barnbok-400x290.jpg 400w, https:\/\/thecirkl.app\/wp-content\/uploads\/2023\/01\/barnbok-500x363.jpg 500w, https:\/\/thecirkl.app\/wp-content\/uploads\/2023\/01\/barnbok-600x435.jpg 600w, https:\/\/thecirkl.app\/wp-content\/uploads\/2023\/01\/barnbok-768x557.jpg 768w, https:\/\/thecirkl.app\/wp-content\/uploads\/2023\/01\/barnbok-800x580.jpg 800w, https:\/\/thecirkl.app\/wp-content\/uploads\/2023\/01\/barnbok-1024x743.jpg 1024w, https:\/\/thecirkl.app\/wp-content\/uploads\/2023\/01\/barnbok-1200x870.jpg 1200w, https:\/\/thecirkl.app\/wp-content\/uploads\/2023\/01\/barnbok-1536x1114.jpg 1536w\" data-sizes=\"auto\" data-orig-sizes=\"(max-width: 300px) 100vw, 300px\" \/><\/p>\n<p>Varje vecka v\u00e4lj boken ni ska l\u00e4sa. V\u00e4lj samma plats varje onsdag.<\/p>\n<p><strong>Torsdag: M\u00e5la<\/strong><\/p>\n<p><img decoding=\"async\" class=\"lazyload alignnone wp-image-3648\" src=\"https:\/\/thecirkl.app\/wp-content\/uploads\/2023\/01\/barn-malar-400x267.jpg\" data-orig-src=\"https:\/\/thecirkl.app\/wp-content\/uploads\/2023\/01\/barn-malar-400x267.jpg\" alt=\"\" width=\"300\" height=\"200\" srcset=\"data:image\/svg+xml,%3Csvg%20xmlns%3D%27http%3A%2F%2Fwww.w3.org%2F2000%2Fsvg%27%20width%3D%27300%27%20height%3D%27200%27%20viewBox%3D%270%200%20300%20200%27%3E%3Crect%20width%3D%27300%27%20height%3D%27200%27%20fill-opacity%3D%220%22%2F%3E%3C%2Fsvg%3E\" data-srcset=\"https:\/\/thecirkl.app\/wp-content\/uploads\/2023\/01\/barn-malar-200x133.jpg 200w, https:\/\/thecirkl.app\/wp-content\/uploads\/2023\/01\/barn-malar-400x267.jpg 400w, https:\/\/thecirkl.app\/wp-content\/uploads\/2023\/01\/barn-malar-500x333.jpg 500w, https:\/\/thecirkl.app\/wp-content\/uploads\/2023\/01\/barn-malar-600x400.jpg 600w, https:\/\/thecirkl.app\/wp-content\/uploads\/2023\/01\/barn-malar-768x512.jpg 768w, https:\/\/thecirkl.app\/wp-content\/uploads\/2023\/01\/barn-malar-800x533.jpg 800w, https:\/\/thecirkl.app\/wp-content\/uploads\/2023\/01\/barn-malar-1024x683.jpg 1024w, https:\/\/thecirkl.app\/wp-content\/uploads\/2023\/01\/barn-malar-1200x800.jpg 1200w, https:\/\/thecirkl.app\/wp-content\/uploads\/2023\/01\/barn-malar-1536x1024.jpg 1536w\" data-sizes=\"auto\" data-orig-sizes=\"(max-width: 300px) 100vw, 300px\" \/><\/p>\n<p>L\u00e5t fantasin fl\u00f6da och m\u00e5la varsin teckning eller tavla. S\u00e4tt p\u00e5 lugn musik och kanske bjuda p\u00e5 blommigt te med lite honung i.<\/p>\n<p><strong>Fredag: Fredagsmys<\/strong><\/p>\n<p><img decoding=\"async\" class=\"lazyload  wp-image-3641\" src=\"https:\/\/thecirkl.app\/wp-content\/uploads\/2023\/01\/Koja-mamma-barn-400x267.jpg\" data-orig-src=\"https:\/\/thecirkl.app\/wp-content\/uploads\/2023\/01\/Koja-mamma-barn-400x267.jpg\" alt=\"\" width=\"300\" height=\"200\" srcset=\"data:image\/svg+xml,%3Csvg%20xmlns%3D%27http%3A%2F%2Fwww.w3.org%2F2000%2Fsvg%27%20width%3D%27300%27%20height%3D%27200%27%20viewBox%3D%270%200%20300%20200%27%3E%3Crect%20width%3D%27300%27%20height%3D%27200%27%20fill-opacity%3D%220%22%2F%3E%3C%2Fsvg%3E\" data-srcset=\"https:\/\/thecirkl.app\/wp-content\/uploads\/2023\/01\/Koja-mamma-barn-200x133.jpg 200w, https:\/\/thecirkl.app\/wp-content\/uploads\/2023\/01\/Koja-mamma-barn-400x267.jpg 400w, https:\/\/thecirkl.app\/wp-content\/uploads\/2023\/01\/Koja-mamma-barn-500x333.jpg 500w, https:\/\/thecirkl.app\/wp-content\/uploads\/2023\/01\/Koja-mamma-barn-600x400.jpg 600w, https:\/\/thecirkl.app\/wp-content\/uploads\/2023\/01\/Koja-mamma-barn-768x512.jpg 768w, https:\/\/thecirkl.app\/wp-content\/uploads\/2023\/01\/Koja-mamma-barn-800x533.jpg 800w, https:\/\/thecirkl.app\/wp-content\/uploads\/2023\/01\/Koja-mamma-barn-1024x683.jpg 1024w, https:\/\/thecirkl.app\/wp-content\/uploads\/2023\/01\/Koja-mamma-barn-1200x800.jpg 1200w, https:\/\/thecirkl.app\/wp-content\/uploads\/2023\/01\/Koja-mamma-barn-1536x1024.jpg 1536w\" data-sizes=\"auto\" data-orig-sizes=\"(max-width: 300px) 100vw, 300px\" \/><\/p>\n<p>Best\u00e4m vad som ska vara myset just denna fredag. Exempel: film &amp; popcorn, baka, spela spel.<\/p>\n<p><strong>L\u00f6rdag: Pyssel- eller spelkv\u00e4ll<\/strong><\/p>\n<p><img decoding=\"async\" class=\"lazyload alignnone wp-image-3650\" src=\"https:\/\/thecirkl.app\/wp-content\/uploads\/2023\/01\/Lego-400x267.jpg\" data-orig-src=\"https:\/\/thecirkl.app\/wp-content\/uploads\/2023\/01\/Lego-400x267.jpg\" alt=\"\" width=\"301\" height=\"201\" srcset=\"data:image\/svg+xml,%3Csvg%20xmlns%3D%27http%3A%2F%2Fwww.w3.org%2F2000%2Fsvg%27%20width%3D%27301%27%20height%3D%27201%27%20viewBox%3D%270%200%20301%20201%27%3E%3Crect%20width%3D%27301%27%20height%3D%27201%27%20fill-opacity%3D%220%22%2F%3E%3C%2Fsvg%3E\" data-srcset=\"https:\/\/thecirkl.app\/wp-content\/uploads\/2023\/01\/Lego-200x133.jpg 200w, https:\/\/thecirkl.app\/wp-content\/uploads\/2023\/01\/Lego-400x267.jpg 400w, https:\/\/thecirkl.app\/wp-content\/uploads\/2023\/01\/Lego-500x333.jpg 500w, https:\/\/thecirkl.app\/wp-content\/uploads\/2023\/01\/Lego-600x400.jpg 600w, https:\/\/thecirkl.app\/wp-content\/uploads\/2023\/01\/Lego-768x512.jpg 768w, https:\/\/thecirkl.app\/wp-content\/uploads\/2023\/01\/Lego-800x533.jpg 800w, https:\/\/thecirkl.app\/wp-content\/uploads\/2023\/01\/Lego-1024x683.jpg 1024w, https:\/\/thecirkl.app\/wp-content\/uploads\/2023\/01\/Lego-1200x800.jpg 1200w, https:\/\/thecirkl.app\/wp-content\/uploads\/2023\/01\/Lego-1536x1024.jpg 1536w\" data-sizes=\"auto\" data-orig-sizes=\"(max-width: 301px) 100vw, 301px\" \/><\/p>\n<p>Kanske inte det b\u00e4sta att pyssla eller spela spel innan l\u00e4ggdags, men det \u00e4r ju \u00e4nd\u00e5 l\u00f6rdag. V\u00e4lj ett lugnare pyssel eller spel. S\u00e5 vad ska ni pyssla eller spela just denna vecka?<\/p>\n<p><strong>S\u00f6ndag: L\u00e4s en bok<\/strong><\/p>\n<p><img decoding=\"async\" class=\"lazyload alignnone wp-image-3652\" src=\"https:\/\/thecirkl.app\/wp-content\/uploads\/2023\/01\/barn-bok-litet-400x267.jpg\" data-orig-src=\"https:\/\/thecirkl.app\/wp-content\/uploads\/2023\/01\/barn-bok-litet-400x267.jpg\" alt=\"\" width=\"301\" height=\"201\" srcset=\"data:image\/svg+xml,%3Csvg%20xmlns%3D%27http%3A%2F%2Fwww.w3.org%2F2000%2Fsvg%27%20width%3D%27301%27%20height%3D%27201%27%20viewBox%3D%270%200%20301%20201%27%3E%3Crect%20width%3D%27301%27%20height%3D%27201%27%20fill-opacity%3D%220%22%2F%3E%3C%2Fsvg%3E\" data-srcset=\"https:\/\/thecirkl.app\/wp-content\/uploads\/2023\/01\/barn-bok-litet-200x134.jpg 200w, https:\/\/thecirkl.app\/wp-content\/uploads\/2023\/01\/barn-bok-litet-400x267.jpg 400w, https:\/\/thecirkl.app\/wp-content\/uploads\/2023\/01\/barn-bok-litet-500x334.jpg 500w, https:\/\/thecirkl.app\/wp-content\/uploads\/2023\/01\/barn-bok-litet-600x401.jpg 600w, https:\/\/thecirkl.app\/wp-content\/uploads\/2023\/01\/barn-bok-litet-768x513.jpg 768w, https:\/\/thecirkl.app\/wp-content\/uploads\/2023\/01\/barn-bok-litet-800x534.jpg 800w, https:\/\/thecirkl.app\/wp-content\/uploads\/2023\/01\/barn-bok-litet-1024x684.jpg 1024w, https:\/\/thecirkl.app\/wp-content\/uploads\/2023\/01\/barn-bok-litet-1200x801.jpg 1200w, https:\/\/thecirkl.app\/wp-content\/uploads\/2023\/01\/barn-bok-litet-1536x1025.jpg 1536w\" data-sizes=\"auto\" data-orig-sizes=\"(max-width: 301px) 100vw, 301px\" \/><\/p>\n<p>Varje vecka v\u00e4lj boken ni ska l\u00e4sa. V\u00e4lj samma plats varje s\u00f6ndag.<\/p>\n<p>&nbsp;<\/p>\n<\/div>\n","protected":false},"excerpt":{"rendered":"<p>St\u00e5ende kv\u00e4llsrutin med barnen Det \u00e4r inte alltid det l\u00e4ttaste att f\u00e5 barnen ner i varv innan det \u00e4r dags att g\u00e5 och l\u00e4gga sig. Ett hack \u00e4r att g\u00f6ra ett veckoschema som du s\u00e4tter upp p\u00e5 l\u00e4mpligt st\u00e4lle v\u00e4l [&hellip;]<\/p>\n","protected":false},"author":2,"featured_media":3637,"comment_status":"closed","ping_status":"open","sticky":false,"template":"","format":"standard","meta":{"footnotes":""},"categories":[42],"tags":[],"class_list":["post-3627","post","type-post","status-publish","format-standard","has-post-thumbnail","hentry","category-familyhacks"],"aioseo_notices":[],"_links":{"self":[{"href":"https:\/\/thecirkl.app\/sv\/wp-json\/wp\/v2\/posts\/3627","targetHints":{"allow":["GET"]}}],"collection":[{"href":"https:\/\/thecirkl.app\/sv\/wp-json\/wp\/v2\/posts"}],"about":[{"href":"https:\/\/thecirkl.app\/sv\/wp-json\/wp\/v2\/types\/post"}],"author":[{"embeddable":true,"href":"https:\/\/thecirkl.app\/sv\/wp-json\/wp\/v2\/users\/2"}],"replies":[{"embeddable":true,"href":"https:\/\/thecirkl.app\/sv\/wp-json\/wp\/v2\/comments?post=3627"}],"version-history":[{"count":17,"href":"https:\/\/thecirkl.app\/sv\/wp-json\/wp\/v2\/posts\/3627\/revisions"}],"predecessor-version":[{"id":3840,"href":"https:\/\/thecirkl.app\/sv\/wp-json\/wp\/v2\/posts\/3627\/revisions\/3840"}],"wp:featuredmedia":[{"embeddable":true,"href":"https:\/\/thecirkl.app\/sv\/wp-json\/wp\/v2\/media\/3637"}],"wp:attachment":[{"href":"https:\/\/thecirkl.app\/sv\/wp-json\/wp\/v2\/media?parent=3627"}],"wp:term":[{"taxonomy":"category","embeddable":true,"href":"https:\/\/thecirkl.app\/sv\/wp-json\/wp\/v2\/categories?post=3627"},{"taxonomy":"post_tag","embeddable":true,"href":"https:\/\/thecirkl.app\/sv\/wp-json\/wp\/v2\/tags?post=3627"}],"curies":[{"name":"wp","href":"https:\/\/api.w.org\/{rel}","templated":true}]}}