{"id":3601,"date":"2023-01-30T17:04:41","date_gmt":"2023-01-30T17:04:41","guid":{"rendered":"https:\/\/thecirkl.app\/?p=3601"},"modified":"2023-02-09T07:05:27","modified_gmt":"2023-02-09T07:05:27","slug":"veckomeny-5","status":"publish","type":"post","link":"https:\/\/thecirkl.app\/sv\/inapp\/recept\/veckomeny-5\/","title":{"rendered":"Veckomeny 5"},"content":{"rendered":"<h2>Inspiration veckomeny<\/h2>\n<p><strong>Proteiner, allergier, f\u00e4rdiglagat &amp; storkok<\/strong><\/p>\n<p>I nedan meny har vi f\u00f6rs\u00f6kt variera protein under veckan och lagt till vegetariska alternativ. Allergier, vegan eller laktos- &amp; glutenintolerant? Byt ut ingredienser eller googla nytt recept med inspiration fr\u00e5n Cirkls menyf\u00f6rslag. \u200bKom ih\u00e5g att det g\u00e5r alldeles utm\u00e4rkt att k\u00f6pa ex f\u00e4rdiga k\u00f6ttbullar &amp; nuggets. Eller s\u00e5 g\u00f6r du storkok p\u00e5 helgen &amp; fryser in.<\/p>\n<p><strong>Dela in i Cirkls receptfunktion<\/strong><\/p>\n<p>\u00d6ppna upp receptet och d\u00e4refter dela in i Cirkls receptfunktion. N\u00e4r detta \u00e4r gjort kan du l\u00e4tt addera receptet in i m\u00e5ltidsplaneringen den dag denna r\u00e4tt ska lagas.<\/p>\n<h2>Meny 5<\/h2>\n<p>&nbsp;<\/p>\n<p><strong>M\u00e5ndag: Chili con\/sin carne\u200b<\/strong><\/p>\n<div class=\"vlp-link-container vlp-layout-compact-new\"><a href=\"https:\/\/www.tasteline.com\/recept\/chili-con-carne-7\/\" class=\"vlp-link\" title=\"Chili con carne\" rel=\"nofollow\" target=\"_blank\"><\/a><div class=\"vlp-layout-zone-side\"><div class=\"vlp-block-2 vlp-link-image\"><img class=\"lazyload\" decoding=\"async\" src=\"data:image\/gif;base64,R0lGODlhAQABAAAAACH5BAEKAAEALAAAAAABAAEAAAICTAEAOw==\" data-orig-src=\"https:\/\/eu-central-1.linodeobjects.com\/tasteline\/2021\/05\/chili-con-carne-foto-emma-mattsson-mathem.jpg\" style=\"max-width: 50px; max-height: 50px\" \/><\/div><\/div><div class=\"vlp-layout-zone-main\"><div class=\"vlp-block-0 vlp-link-title\">Chili con carne<\/div><div class=\"vlp-block-1 vlp-link-url\">www.tasteline.com<\/div><\/div><\/div>\n<div class=\"vlp-link-container vlp-layout-compact-new\"><a href=\"https:\/\/www.tasteline.com\/recept\/chili-sin-carne-pa-sojafars\/\" class=\"vlp-link\" title=\"Chili sin carne p\u00e5 sojaf\u00e4rs \u2013 Tasteline\" rel=\"nofollow\" target=\"_blank\"><\/a><div class=\"vlp-layout-zone-side\"><div class=\"vlp-block-2 vlp-link-image\"><img class=\"lazyload\" decoding=\"async\" src=\"data:image\/gif;base64,R0lGODlhAQABAAAAACH5BAEKAAEALAAAAAABAAEAAAICTAEAOw==\" data-orig-src=\"https:\/\/eu-central-1.linodeobjects.com\/tasteline\/2021\/08\/Chili-sin-carne-foto-Nurlan-Mathem.jpg\" style=\"max-width: 50px; max-height: 50px\" \/><\/div><\/div><div class=\"vlp-layout-zone-main\"><div class=\"vlp-block-0 vlp-link-title\">Chili sin carne p\u00e5 sojaf\u00e4rs \u2013 Tasteline<\/div><div class=\"vlp-block-1 vlp-link-url\">www.tasteline.com<\/div><\/div><\/div>\n<p>\u200b<\/p>\n<p><strong>Tisdag: Pytt i panna\u200b<\/strong><\/p>\n<div class=\"vlp-link-container vlp-layout-compact-new\"><a href=\"https:\/\/www.ica.se\/recept\/pytt-i-panna-722178\/\" class=\"vlp-link\" title=\"Pytt i panna\" rel=\"nofollow\" target=\"_blank\"><\/a><div class=\"vlp-layout-zone-side\"><div class=\"vlp-block-2 vlp-link-image\"><img class=\"lazyload\" decoding=\"async\" src=\"data:image\/gif;base64,R0lGODlhAQABAAAAACH5BAEKAAEALAAAAAABAAEAAAICTAEAOw==\" data-orig-src=\"https:\/\/assets.icanet.se\/t_ICAseAbsoluteUrl\/imagevaultfiles\/id_161254\/cf_259\/pytt_i_panna.jpg\" style=\"max-width: 50px; max-height: 50px\" \/><\/div><\/div><div class=\"vlp-layout-zone-main\"><div class=\"vlp-block-0 vlp-link-title\">Pytt i panna<\/div><div class=\"vlp-block-1 vlp-link-url\">www.ica.se<\/div><\/div><\/div>\n<div class=\"vlp-link-container vlp-layout-compact-new\"><a href=\"https:\/\/www.vegomagasinet.se\/pyttipanna\" class=\"vlp-link\" title=\"Vegetarisk pyttipanna\" rel=\"nofollow\" target=\"_blank\"><\/a><div class=\"vlp-layout-zone-side\"><div class=\"vlp-block-2 vlp-link-image\"><img class=\"lazyload\" decoding=\"async\" src=\"data:image\/gif;base64,R0lGODlhAQABAAAAACH5BAEKAAEALAAAAAABAAEAAAICTAEAOw==\" data-orig-src=\"https:\/\/www.vegomagasinet.se\/wp-content\/uploads\/2021\/01\/pytt2-1.jpg\" style=\"max-width: 50px; max-height: 50px\" \/><\/div><\/div><div class=\"vlp-layout-zone-main\"><div class=\"vlp-block-0 vlp-link-title\">Vegetarisk pyttipanna<\/div><div class=\"vlp-block-1 vlp-link-url\">www.vegomagasinet.se<\/div><\/div><\/div>\n<p>\u200b<\/p>\n<p><strong>Onsdag: One Pot Pasta\u200b<\/strong><\/p>\n<div class=\"vlp-link-container vlp-layout-compact-new\"><a href=\"https:\/\/www.ica.se\/recept\/one-pot-pasta-721661\/\" class=\"vlp-link\" title=\"One pot pasta\" rel=\"nofollow\" target=\"_blank\"><\/a><div class=\"vlp-layout-zone-side\"><div class=\"vlp-block-2 vlp-link-image\"><img class=\"lazyload\" decoding=\"async\" src=\"data:image\/gif;base64,R0lGODlhAQABAAAAACH5BAEKAAEALAAAAAABAAEAAAICTAEAOw==\" data-orig-src=\"https:\/\/assets.icanet.se\/t_ICAseAbsoluteUrl\/imagevaultfiles\/id_241965\/cf_259\/one_pot_pasta.jpg\" style=\"max-width: 50px; max-height: 50px\" \/><\/div><\/div><div class=\"vlp-layout-zone-main\"><div class=\"vlp-block-0 vlp-link-title\">One pot pasta<\/div><div class=\"vlp-block-1 vlp-link-url\">www.ica.se<\/div><\/div><\/div>\n<p>&nbsp;<\/p>\n<p><strong>Torsdag: Fetaostfylld lax med dill och citron\u200b<\/strong><\/p>\n<div class=\"vlp-link-container vlp-layout-compact-new\"><a href=\"https:\/\/www.zeta.nu\/recept\/fetaostfylld-lax-med-dill-och-citron\/\" class=\"vlp-link\" title=\"Fetaostfylld lax med dill och citron\" rel=\"nofollow\" target=\"_blank\"><\/a><div class=\"vlp-layout-zone-side\"><div class=\"vlp-block-2 vlp-link-image\"><img class=\"lazyload\" decoding=\"async\" src=\"data:image\/gif;base64,R0lGODlhAQABAAAAACH5BAEKAAEALAAAAAABAAEAAAICTAEAOw==\" data-orig-src=\"https:\/\/www.zeta.nu\/app\/uploads\/2016\/03\/Fetaostfylld_lax_med_dill_och_citron_li-1024x683.jpg\" style=\"max-width: 50px; max-height: 50px\" \/><\/div><\/div><div class=\"vlp-layout-zone-main\"><div class=\"vlp-block-0 vlp-link-title\">Fetaostfylld lax med dill och citron<\/div><div class=\"vlp-block-1 vlp-link-url\">www.zeta.nu<\/div><\/div><\/div>\n<p>&nbsp;<\/p>\n<p><strong>Fredag: Pizza\u200b<\/strong><\/p>\n<div class=\"vlp-link-container vlp-layout-compact-new\"><a href=\"https:\/\/receptfavoriter.se\/recept\/pizza-med-skinka-i-langpanna.html\" class=\"vlp-link\" title=\"Pizza med skinka i l\u00e5ngpanna\" rel=\"nofollow\" target=\"_blank\"><\/a><div class=\"vlp-layout-zone-side\"><div class=\"vlp-block-2 vlp-link-image\"><img class=\"lazyload\" decoding=\"async\" src=\"data:image\/gif;base64,R0lGODlhAQABAAAAACH5BAEKAAEALAAAAAABAAEAAAICTAEAOw==\" data-orig-src=\"https:\/\/receptfavoriter.se\/sites\/default\/files\/styles\/teaser\/public\/pizza_med_skinka_langpanna_1200_4.jpg\" style=\"max-width: 50px; max-height: 50px\" \/><\/div><\/div><div class=\"vlp-layout-zone-main\"><div class=\"vlp-block-0 vlp-link-title\">Pizza med skinka i l\u00e5ngpanna<\/div><div class=\"vlp-block-1 vlp-link-url\">receptfavoriter.se<\/div><\/div><\/div>\n<div class=\"vlp-link-container vlp-layout-compact-new\"><a href=\"https:\/\/www.coop.se\/recept\/barnens-basta-pizza-med-pesto\/\" class=\"vlp-link\" title=\"Barnens b\u00e4sta pizza med pesto\" rel=\"nofollow\" target=\"_blank\"><\/a><div class=\"vlp-layout-zone-side\"><div class=\"vlp-block-2 vlp-link-image\"><img decoding=\"async\" style=\"max-width: 50px;\" width=\"50\" height=\"50\" src=\"https:\/\/thecirkl.app\/wp-content\/uploads\/2023\/01\/pizza-66x66.jpg\" class=\"attachment-50x50 size-50x50 lazyload\" alt=\"\" srcset=\"data:image\/svg+xml,%3Csvg%20xmlns%3D%27http%3A%2F%2Fwww.w3.org%2F2000%2Fsvg%27%20width%3D%27547%27%20height%3D%27412%27%20viewBox%3D%270%200%20547%20412%27%3E%3Crect%20width%3D%27547%27%20height%3D%27412%27%20fill-opacity%3D%220%22%2F%3E%3C%2Fsvg%3E\" data-orig-src=\"https:\/\/thecirkl.app\/wp-content\/uploads\/2023\/01\/pizza-66x66.jpg\" data-srcset=\"https:\/\/thecirkl.app\/wp-content\/uploads\/2023\/01\/pizza-66x66.jpg 66w, https:\/\/thecirkl.app\/wp-content\/uploads\/2023\/01\/pizza-150x150.jpg 150w\" data-sizes=\"auto\" \/><\/div><\/div><div class=\"vlp-layout-zone-main\"><div class=\"vlp-block-0 vlp-link-title\">Barnens b\u00e4sta pizza med pesto<\/div><div class=\"vlp-block-1 vlp-link-url\">www.coop.se<\/div><\/div><\/div>\n<p>&nbsp;<\/p>\n<p>\u200b<\/p>\n<p>&nbsp;<\/p>\n","protected":false},"excerpt":{"rendered":"<p>Inspiration veckomeny Proteiner, allergier, f\u00e4rdiglagat &amp; storkok I nedan meny har vi f\u00f6rs\u00f6kt variera protein under veckan och lagt till vegetariska alternativ. Allergier, vegan eller laktos- &amp; glutenintolerant? Byt ut ingredienser eller googla nytt recept med inspiration fr\u00e5n Cirkls menyf\u00f6rslag. [&hellip;]<\/p>\n","protected":false},"author":2,"featured_media":3612,"comment_status":"closed","ping_status":"open","sticky":false,"template":"","format":"standard","meta":{"footnotes":""},"categories":[40],"tags":[],"class_list":["post-3601","post","type-post","status-publish","format-standard","has-post-thumbnail","hentry","category-recept"],"aioseo_notices":[],"_links":{"self":[{"href":"https:\/\/thecirkl.app\/sv\/wp-json\/wp\/v2\/posts\/3601","targetHints":{"allow":["GET"]}}],"collection":[{"href":"https:\/\/thecirkl.app\/sv\/wp-json\/wp\/v2\/posts"}],"about":[{"href":"https:\/\/thecirkl.app\/sv\/wp-json\/wp\/v2\/types\/post"}],"author":[{"embeddable":true,"href":"https:\/\/thecirkl.app\/sv\/wp-json\/wp\/v2\/users\/2"}],"replies":[{"embeddable":true,"href":"https:\/\/thecirkl.app\/sv\/wp-json\/wp\/v2\/comments?post=3601"}],"version-history":[{"count":11,"href":"https:\/\/thecirkl.app\/sv\/wp-json\/wp\/v2\/posts\/3601\/revisions"}],"predecessor-version":[{"id":3954,"href":"https:\/\/thecirkl.app\/sv\/wp-json\/wp\/v2\/posts\/3601\/revisions\/3954"}],"wp:featuredmedia":[{"embeddable":true,"href":"https:\/\/thecirkl.app\/sv\/wp-json\/wp\/v2\/media\/3612"}],"wp:attachment":[{"href":"https:\/\/thecirkl.app\/sv\/wp-json\/wp\/v2\/media?parent=3601"}],"wp:term":[{"taxonomy":"category","embeddable":true,"href":"https:\/\/thecirkl.app\/sv\/wp-json\/wp\/v2\/categories?post=3601"},{"taxonomy":"post_tag","embeddable":true,"href":"https:\/\/thecirkl.app\/sv\/wp-json\/wp\/v2\/tags?post=3601"}],"curies":[{"name":"wp","href":"https:\/\/api.w.org\/{rel}","templated":true}]}}